{"id":51091,"date":"2026-04-27T10:23:46","date_gmt":"2026-04-27T10:23:46","guid":{"rendered":"https:\/\/www.meininger-hotels.com\/blog\/?p=51091"},"modified":"2026-04-27T10:23:48","modified_gmt":"2026-04-27T10:23:48","slug":"une-journee-a-francfort","status":"publish","type":"post","link":"https:\/\/www.meininger-hotels.com\/blog\/fr\/une-journee-a-francfort\/","title":{"rendered":"Une journ\u00e9e \u00e0 Francfort : les 10 meilleures choses \u00e0 faire"},"content":{"rendered":"\n<p>Vous h\u00e9sitez encore sur votre prochaine destination de week-end ? Bien que Francfort ait \u00e9norm\u00e9ment \u00e0 offrir, la ville a la r\u00e9putation d&#8217;\u00eatre une destination r\u00e9serv\u00e9e aux voyageurs d&#8217;affaires. Certes, elle est connue pour ses banques et son a\u00e9roport, mais saviez-vous qu&#8217;il y a bien plus \u00e0 d\u00e9couvrir ?<\/p>\n\n\n\n<p>Que vous aimiez explorer des ch\u00e2teaux, vous promener dans la vieille ville ou simplement vous d\u00e9tendre dans un caf\u00e9 en sirotant un verre de cidre de pomme local, vous ne serez pas d\u00e9\u00e7u \u00e0 Francfort.&nbsp;<\/p>\n\n\n\n<figure class=\"wp-block-pullquote\"><blockquote><p><sub>Nous avons s\u00e9lectionn\u00e9 les 10 meilleures choses \u00e0 faire en une journ\u00e9e \u00e0 Francfort pour vous faciliter la vie.<\/sub><\/p><cite>D\u00e9couvrez la liste ci-dessous \ud83d\udc47<\/cite><\/blockquote><\/figure>\n\n\n\n<h2 class=\"wp-block-heading\">#1 <strong><strong>Kleinmarkthalle (le March\u00e9 Couvert)<\/strong><\/strong><\/h2>\n\n\n\n<p>S&#8217;il est un endroit o\u00f9 d\u00e9couvrir non seulement la gastronomie allemande, mais aussi les saveurs du monde entier, c&#8217;est bien la Kleinmarkthalle ! Avec pr\u00e8s de 160 stands proposant des sp\u00e9cialit\u00e9s de tous les pays, toutes vos envies culinaires peuvent y \u00eatre satisfaites. N&#8217;oubliez pas de go\u00fbter la c\u00e9l\u00e8bre Frankfurter Gr\u00fcne So\u00dfe (la sauce verte de Francfort), un condiment traditionnel \u00e0 base de sept herbes, de cr\u00e8me fra\u00eeche et d&#8217;\u0153uf \u2014 une d\u00e9gustation absolument incontournable lors de votre journ\u00e9e \u00e0 Francfort !<\/p>\n\n\n\n<p><strong>Adresse<\/strong> : Hasengasse 5-7, 60311 Frankfurt am Main, Allemagne&nbsp;<br><strong>Horaires d&#8217;ouverture<\/strong> : Lun-Ven (8h-18h), Samedis (8h-16h), Dimanches ferm\u00e9&nbsp;<br><strong><a href=\"https:\/\/kleinmarkthalle.de\/\" target=\"_blank\" rel=\"noreferrer noopener\">Site web<\/a><\/strong><\/p>\n\n\n\n<figure class=\"wp-block-gallery has-nested-images columns-default is-cropped wp-block-gallery-1 is-layout-flex wp-block-gallery-is-layout-flex\">\n<figure class=\"wp-block-image size-large\"><img decoding=\"async\" width=\"1024\" height=\"683\" data-id=\"16161\" data-src=\"https:\/\/www.meininger-hotels.com\/blog\/app\/uploads\/2022\/05\/9171633603_81ce0bcac6_o-1024x683.jpg\" alt=\"Une journ\u00e9e \u00e0 Francfort : march\u00e9 couvert anim\u00e9 avec fruits et l\u00e9gumes color\u00e9s\" class=\"wp-image-16161 lazyload\" data-srcset=\"https:\/\/www.meininger-hotels.com\/blog\/app\/uploads\/2022\/05\/9171633603_81ce0bcac6_o-1024x683.jpg 1024w, https:\/\/www.meininger-hotels.com\/blog\/app\/uploads\/2022\/05\/9171633603_81ce0bcac6_o-300x200.jpg 300w, https:\/\/www.meininger-hotels.com\/blog\/app\/uploads\/2022\/05\/9171633603_81ce0bcac6_o-768x512.jpg 768w, https:\/\/www.meininger-hotels.com\/blog\/app\/uploads\/2022\/05\/9171633603_81ce0bcac6_o-1536x1024.jpg 1536w, https:\/\/www.meininger-hotels.com\/blog\/app\/uploads\/2022\/05\/9171633603_81ce0bcac6_o-2048x1365.jpg 2048w, https:\/\/www.meininger-hotels.com\/blog\/app\/uploads\/2022\/05\/9171633603_81ce0bcac6_o-1920x1280.jpg 1920w, https:\/\/www.meininger-hotels.com\/blog\/app\/uploads\/2022\/05\/9171633603_81ce0bcac6_o-1440x960.jpg 1440w, https:\/\/www.meininger-hotels.com\/blog\/app\/uploads\/2022\/05\/9171633603_81ce0bcac6_o-1200x800.jpg 1200w, https:\/\/www.meininger-hotels.com\/blog\/app\/uploads\/2022\/05\/9171633603_81ce0bcac6_o-600x400.jpg 600w\" data-sizes=\"(max-width: 1024px) 100vw, 1024px\" src=\"data:image\/svg+xml;base64,PHN2ZyB3aWR0aD0iMSIgaGVpZ2h0PSIxIiB4bWxucz0iaHR0cDovL3d3dy53My5vcmcvMjAwMC9zdmciPjwvc3ZnPg==\" style=\"--smush-placeholder-width: 1024px; --smush-placeholder-aspect-ratio: 1024\/683;\" \/><\/figure>\n\n\n\n<figure class=\"wp-block-image size-large\"><img decoding=\"async\" width=\"1024\" height=\"681\" data-id=\"16159\" data-src=\"https:\/\/www.meininger-hotels.com\/blog\/app\/uploads\/2022\/05\/14349729792_239dd14b5a_k-1024x681.jpg\" alt=\"Une journ\u00e9e \u00e0 Francfort : march\u00e9 couvert anim\u00e9, visiteurs faisant leurs courses\" class=\"wp-image-16159 lazyload\" data-srcset=\"https:\/\/www.meininger-hotels.com\/blog\/app\/uploads\/2022\/05\/14349729792_239dd14b5a_k-1024x681.jpg 1024w, https:\/\/www.meininger-hotels.com\/blog\/app\/uploads\/2022\/05\/14349729792_239dd14b5a_k-300x199.jpg 300w, https:\/\/www.meininger-hotels.com\/blog\/app\/uploads\/2022\/05\/14349729792_239dd14b5a_k-768x510.jpg 768w, https:\/\/www.meininger-hotels.com\/blog\/app\/uploads\/2022\/05\/14349729792_239dd14b5a_k-1536x1021.jpg 1536w, https:\/\/www.meininger-hotels.com\/blog\/app\/uploads\/2022\/05\/14349729792_239dd14b5a_k-1920x1276.jpg 1920w, https:\/\/www.meininger-hotels.com\/blog\/app\/uploads\/2022\/05\/14349729792_239dd14b5a_k-1440x957.jpg 1440w, https:\/\/www.meininger-hotels.com\/blog\/app\/uploads\/2022\/05\/14349729792_239dd14b5a_k-1200x797.jpg 1200w, https:\/\/www.meininger-hotels.com\/blog\/app\/uploads\/2022\/05\/14349729792_239dd14b5a_k-600x399.jpg 600w, https:\/\/www.meininger-hotels.com\/blog\/app\/uploads\/2022\/05\/14349729792_239dd14b5a_k.jpg 2048w\" data-sizes=\"(max-width: 1024px) 100vw, 1024px\" src=\"data:image\/svg+xml;base64,PHN2ZyB3aWR0aD0iMSIgaGVpZ2h0PSIxIiB4bWxucz0iaHR0cDovL3d3dy53My5vcmcvMjAwMC9zdmciPjwvc3ZnPg==\" style=\"--smush-placeholder-width: 1024px; --smush-placeholder-aspect-ratio: 1024\/681;\" \/><\/figure>\n<figcaption class=\"blocks-gallery-caption wp-element-caption\">Kleinmarkthalle, Francfort<\/figcaption><\/figure>\n\n\n\n<h2 class=\"wp-block-heading\">#2 <strong><strong>Hauptwache et MyZeil<\/strong><\/strong><\/h2>\n\n\n\n<p>Situ\u00e9 en plein c\u0153ur de la ville, Hauptwache est l&#8217;endroit id\u00e9al pour s&#8217;impr\u00e9gner de la vie quotidienne \u00e0 Francfort. C&#8217;est l&#8217;une des places les plus c\u00e9l\u00e8bres de la ville, connue pour son m\u00e9lange harmonieux de beaux b\u00e2timents historiques et d&#8217;architecture contemporaine. Vous avez envie de faire du shopping ? Fl\u00e2nez sur la rue Zeil \u2014 la longue art\u00e8re pi\u00e9tonne commer\u00e7ante de Francfort, bord\u00e9e de boutiques haut de gamme et de grands magasins.&nbsp;<\/p>\n\n\n\n<p><strong>Adresse<\/strong> : An der Hauptwache 15, 60313 Frankfurt am Main, Allemagne&nbsp;<br><strong>Horaires d&#8217;ouverture<\/strong> : ouvert 24h\/24<\/p>\n\n\n\n<figure class=\"wp-block-image size-large\"><img decoding=\"async\" width=\"1024\" height=\"683\" data-src=\"https:\/\/www.meininger-hotels.com\/blog\/app\/uploads\/2022\/05\/19128641295_4c39b3d21d_k-1024x683.jpg\" alt=\"Une journ\u00e9e \u00e0 Francfort : vue sur l'\u00e9glise et les gratte-ciel au coucher du soleil\" class=\"wp-image-16165 lazyload\" data-srcset=\"https:\/\/www.meininger-hotels.com\/blog\/app\/uploads\/2022\/05\/19128641295_4c39b3d21d_k-1024x683.jpg 1024w, https:\/\/www.meininger-hotels.com\/blog\/app\/uploads\/2022\/05\/19128641295_4c39b3d21d_k-300x200.jpg 300w, https:\/\/www.meininger-hotels.com\/blog\/app\/uploads\/2022\/05\/19128641295_4c39b3d21d_k-768x512.jpg 768w, https:\/\/www.meininger-hotels.com\/blog\/app\/uploads\/2022\/05\/19128641295_4c39b3d21d_k-1536x1024.jpg 1536w, https:\/\/www.meininger-hotels.com\/blog\/app\/uploads\/2022\/05\/19128641295_4c39b3d21d_k-1920x1280.jpg 1920w, https:\/\/www.meininger-hotels.com\/blog\/app\/uploads\/2022\/05\/19128641295_4c39b3d21d_k-1440x960.jpg 1440w, https:\/\/www.meininger-hotels.com\/blog\/app\/uploads\/2022\/05\/19128641295_4c39b3d21d_k-1200x800.jpg 1200w, https:\/\/www.meininger-hotels.com\/blog\/app\/uploads\/2022\/05\/19128641295_4c39b3d21d_k-600x400.jpg 600w, https:\/\/www.meininger-hotels.com\/blog\/app\/uploads\/2022\/05\/19128641295_4c39b3d21d_k.jpg 2048w\" data-sizes=\"(max-width: 1024px) 100vw, 1024px\" src=\"data:image\/svg+xml;base64,PHN2ZyB3aWR0aD0iMSIgaGVpZ2h0PSIxIiB4bWxucz0iaHR0cDovL3d3dy53My5vcmcvMjAwMC9zdmciPjwvc3ZnPg==\" style=\"--smush-placeholder-width: 1024px; --smush-placeholder-aspect-ratio: 1024\/683;\" \/><figcaption class=\"wp-element-caption\">Hauptwache<\/figcaption><\/figure>\n\n\n\n<h2 class=\"wp-block-heading\">#3 <strong>Le m\u00e9tro Bockenheimer Warte<\/strong><\/h2>\n\n\n\n<p>Si vous cherchez un endroit insolite et une occasion photo inoubliable, vous devez absolument rendre visite au m\u00e9tro Bockenheimer Warte. Con\u00e7ue par l&#8217;architecte Zbigniew Peter Pininski, l&#8217;entr\u00e9e de la station ressemble \u00e0 un vieux wagon de train surgissant du sol \u2014 une \u0153uvre vraiment remarquable. La station fonctionne normalement, alors n&#8217;h\u00e9sitez pas \u00e0 y descendre pour votre plus beau selfie !&nbsp;<\/p>\n\n\n\n<p><strong>Adresse<\/strong> : Bockenheimer Landstrasse | Bockenheim, 60325 Frankfurt, Hesse, Allemagne&nbsp;<br><strong>Horaires d&#8217;ouverture<\/strong> : ouvert 24h\/24&nbsp;<\/p>\n\n\n\n<figure class=\"wp-block-gallery has-nested-images columns-default is-cropped wp-block-gallery-2 is-layout-flex wp-block-gallery-is-layout-flex\">\n<figure class=\"wp-block-image size-large\"><img decoding=\"async\" width=\"1024\" height=\"685\" data-id=\"16168\" data-src=\"https:\/\/www.meininger-hotels.com\/blog\/app\/uploads\/2022\/05\/48050889151_dc688fed39_k-1024x685.jpg\" alt=\"Une journ\u00e9e \u00e0 Francfort : entr\u00e9e de la station de m\u00e9tro Bockenheimer Warte\" class=\"wp-image-16168 lazyload\" data-srcset=\"https:\/\/www.meininger-hotels.com\/blog\/app\/uploads\/2022\/05\/48050889151_dc688fed39_k-1024x685.jpg 1024w, https:\/\/www.meininger-hotels.com\/blog\/app\/uploads\/2022\/05\/48050889151_dc688fed39_k-300x201.jpg 300w, https:\/\/www.meininger-hotels.com\/blog\/app\/uploads\/2022\/05\/48050889151_dc688fed39_k-768x513.jpg 768w, https:\/\/www.meininger-hotels.com\/blog\/app\/uploads\/2022\/05\/48050889151_dc688fed39_k-1536x1027.jpg 1536w, https:\/\/www.meininger-hotels.com\/blog\/app\/uploads\/2022\/05\/48050889151_dc688fed39_k-1920x1283.jpg 1920w, https:\/\/www.meininger-hotels.com\/blog\/app\/uploads\/2022\/05\/48050889151_dc688fed39_k-1440x963.jpg 1440w, https:\/\/www.meininger-hotels.com\/blog\/app\/uploads\/2022\/05\/48050889151_dc688fed39_k-1200x802.jpg 1200w, https:\/\/www.meininger-hotels.com\/blog\/app\/uploads\/2022\/05\/48050889151_dc688fed39_k-600x401.jpg 600w, https:\/\/www.meininger-hotels.com\/blog\/app\/uploads\/2022\/05\/48050889151_dc688fed39_k.jpg 2048w\" data-sizes=\"(max-width: 1024px) 100vw, 1024px\" src=\"data:image\/svg+xml;base64,PHN2ZyB3aWR0aD0iMSIgaGVpZ2h0PSIxIiB4bWxucz0iaHR0cDovL3d3dy53My5vcmcvMjAwMC9zdmciPjwvc3ZnPg==\" style=\"--smush-placeholder-width: 1024px; --smush-placeholder-aspect-ratio: 1024\/685;\" \/><\/figure>\n\n\n\n<figure class=\"wp-block-image size-large\"><img decoding=\"async\" width=\"1024\" height=\"684\" data-id=\"16170\" data-src=\"https:\/\/www.meininger-hotels.com\/blog\/app\/uploads\/2022\/05\/29471454155_9e41d89cce_k-1024x684.jpg\" alt=\"Une journ\u00e9e \u00e0 Francfort : entr\u00e9e creus\u00e9e dans le sol de la station Bockenheimer Warte\" class=\"wp-image-16170 lazyload\" data-srcset=\"https:\/\/www.meininger-hotels.com\/blog\/app\/uploads\/2022\/05\/29471454155_9e41d89cce_k-1024x684.jpg 1024w, https:\/\/www.meininger-hotels.com\/blog\/app\/uploads\/2022\/05\/29471454155_9e41d89cce_k-300x200.jpg 300w, https:\/\/www.meininger-hotels.com\/blog\/app\/uploads\/2022\/05\/29471454155_9e41d89cce_k-768x513.jpg 768w, https:\/\/www.meininger-hotels.com\/blog\/app\/uploads\/2022\/05\/29471454155_9e41d89cce_k-1536x1026.jpg 1536w, https:\/\/www.meininger-hotels.com\/blog\/app\/uploads\/2022\/05\/29471454155_9e41d89cce_k-1920x1282.jpg 1920w, https:\/\/www.meininger-hotels.com\/blog\/app\/uploads\/2022\/05\/29471454155_9e41d89cce_k-1440x962.jpg 1440w, https:\/\/www.meininger-hotels.com\/blog\/app\/uploads\/2022\/05\/29471454155_9e41d89cce_k-1200x801.jpg 1200w, https:\/\/www.meininger-hotels.com\/blog\/app\/uploads\/2022\/05\/29471454155_9e41d89cce_k-600x401.jpg 600w, https:\/\/www.meininger-hotels.com\/blog\/app\/uploads\/2022\/05\/29471454155_9e41d89cce_k.jpg 2047w\" data-sizes=\"(max-width: 1024px) 100vw, 1024px\" src=\"data:image\/svg+xml;base64,PHN2ZyB3aWR0aD0iMSIgaGVpZ2h0PSIxIiB4bWxucz0iaHR0cDovL3d3dy53My5vcmcvMjAwMC9zdmciPjwvc3ZnPg==\" style=\"--smush-placeholder-width: 1024px; --smush-placeholder-aspect-ratio: 1024\/684;\" \/><figcaption class=\"wp-element-caption\"><br><strong>\u00a9 joseph_donnelly via Flickr<\/strong><\/figcaption><\/figure>\n<figcaption class=\"blocks-gallery-caption wp-element-caption\">Station de m\u00e9tro Bockenheimer Warte<\/figcaption><\/figure>\n\n\n\n<h2 class=\"wp-block-heading\">#4 <strong><strong>Le Museumsufer (Quai des Mus\u00e9es)<\/strong><\/strong><\/h2>\n\n\n\n<p>Face \u00e0 l&#8217;impressionnant panorama des gratte-ciel, vous trouverez le Museumsufer \u2014 un ensemble de 16 mus\u00e9es remarquables longeant les rives du Main \u00e0 Francfort, de quoi vous tenir occup\u00e9 pendant des jours. D\u00e9velopp\u00e9 dans les ann\u00e9es 1980 et 1990, le Museumsufer abrite aujourd&#8217;hui certains des mus\u00e9es les plus importants d&#8217;Allemagne. Du cin\u00e9ma aux beaux-arts, en passant par l&#8217;architecture et l&#8217;ethnographie, il y en a pour toutes les curiosit\u00e9s.&nbsp;&nbsp;<\/p>\n\n\n\n<p><strong>Adresse<\/strong> : Br\u00fcckenstra\u00dfe 3-7, 60594 Frankfurt am Main&nbsp;<br><strong>Horaires d&#8217;ouverture<\/strong> : Sam-Jeu (10h-18h), Vendredis (10h-20h), Lundis ferm\u00e9&nbsp;<br><strong><a href=\"https:\/\/www.museumsufer.de\/en\/\" target=\"_blank\" rel=\"noreferrer noopener\">Site web<\/a><\/strong><\/p>\n\n\n\n<h2 class=\"wp-block-heading\">#5 <strong><strong>Montez au sommet du Main Tower<\/strong><\/strong><\/h2>\n\n\n\n<p>Situ\u00e9 au c\u0153ur du quartier de l&#8217;Innenstadt, ce gratte-ciel de 200 m est le quatri\u00e8me plus haut b\u00e2timent d&#8217;Allemagne et offre une vue imprenable sur toute la ville. Si vous visitez un vendredi ou un samedi, la terrasse panoramique est ouverte plus tard \u2014 jusqu&#8217;\u00e0 21h en hiver et 23h en \u00e9t\u00e9 \u2014 pour profiter de Francfort illumin\u00e9e par les lumi\u00e8res de la ville. Une des exp\u00e9riences les plus m\u00e9morables de votre journ\u00e9e \u00e0 Francfort !<\/p>\n\n\n\n<p><strong>Adresse<\/strong> : Neue Mainzer Str. 52-58, 60311 Frankfurt am Main, Allemagne&nbsp;<br><strong>Horaires d&#8217;ouverture<\/strong> : Dim-Jeu (10h-19h), Ven-Sam (10h-21h)&nbsp;<br><strong><a href=\"https:\/\/www.maintower.de\/en\/\" target=\"_blank\" rel=\"noreferrer noopener\">Site web<\/a><\/strong><\/p>\n\n\n\n<figure class=\"wp-block-image size-large\"><img decoding=\"async\" width=\"1024\" height=\"683\" data-src=\"https:\/\/www.meininger-hotels.com\/blog\/app\/uploads\/2022\/05\/33584697125_81f87c37a9_k-1024x683.jpg\" alt=\"Une journ\u00e9e \u00e0 Francfort : panorama avec le Main Tower\" class=\"wp-image-16172 lazyload\" data-srcset=\"https:\/\/www.meininger-hotels.com\/blog\/app\/uploads\/2022\/05\/33584697125_81f87c37a9_k-1024x683.jpg 1024w, https:\/\/www.meininger-hotels.com\/blog\/app\/uploads\/2022\/05\/33584697125_81f87c37a9_k-300x200.jpg 300w, https:\/\/www.meininger-hotels.com\/blog\/app\/uploads\/2022\/05\/33584697125_81f87c37a9_k-768x512.jpg 768w, https:\/\/www.meininger-hotels.com\/blog\/app\/uploads\/2022\/05\/33584697125_81f87c37a9_k-1536x1024.jpg 1536w, https:\/\/www.meininger-hotels.com\/blog\/app\/uploads\/2022\/05\/33584697125_81f87c37a9_k-1920x1280.jpg 1920w, https:\/\/www.meininger-hotels.com\/blog\/app\/uploads\/2022\/05\/33584697125_81f87c37a9_k-1440x960.jpg 1440w, https:\/\/www.meininger-hotels.com\/blog\/app\/uploads\/2022\/05\/33584697125_81f87c37a9_k-1200x800.jpg 1200w, https:\/\/www.meininger-hotels.com\/blog\/app\/uploads\/2022\/05\/33584697125_81f87c37a9_k-600x400.jpg 600w, https:\/\/www.meininger-hotels.com\/blog\/app\/uploads\/2022\/05\/33584697125_81f87c37a9_k.jpg 2047w\" data-sizes=\"(max-width: 1024px) 100vw, 1024px\" src=\"data:image\/svg+xml;base64,PHN2ZyB3aWR0aD0iMSIgaGVpZ2h0PSIxIiB4bWxucz0iaHR0cDovL3d3dy53My5vcmcvMjAwMC9zdmciPjwvc3ZnPg==\" style=\"--smush-placeholder-width: 1024px; --smush-placeholder-aspect-ratio: 1024\/683;\" \/><figcaption class=\"wp-element-caption\">Main Tower, Francfort<\/figcaption><\/figure>\n\n\n\n<h2 class=\"wp-block-heading\">#6 <strong><strong>La Maison et le Mus\u00e9e Goethe<\/strong><\/strong><\/h2>\n\n\n\n<p>Francfort est la ville natale du plus grand \u00e9crivain allemand, Johann Wolfgang von Goethe. La Maison Goethe \u00e9tait le domicile familial et offre aux visiteurs un aper\u00e7u rare de sa vie de famille et de ses ann\u00e9es d&#8217;enfance. L&#8217;int\u00e9rieur est meubl\u00e9 d&#8217;objets d&#8217;\u00e9poque, ainsi que de la salle d&#8217;\u00e9criture o\u00f9 il a achev\u00e9 plusieurs de ses premi\u00e8res \u0153uvres. Le Mus\u00e9e Goethe se trouve juste \u00e0 c\u00f4t\u00e9 et pr\u00e9sente de nombreux artefacts li\u00e9s \u00e0 sa vie et \u00e0 sa carri\u00e8re.&nbsp;&nbsp;<\/p>\n\n\n\n<p><strong>Adresse<\/strong> : Gro\u00dfer Hirschgraben 23-25, 60311 Frankfurt am Main&nbsp;<br><strong>Horaires d&#8217;ouverture<\/strong> : Ven-Mer (10h-18h, Lundis ferm\u00e9), Jeudis (10h-21h)&nbsp;<br><strong><a href=\"https:\/\/frankfurter-goethe-haus.de\/en\/\" target=\"_blank\" rel=\"noreferrer noopener\">Site web<\/a><\/strong><\/p>\n\n\n\n<h2 class=\"wp-block-heading\"><strong>#7 R\u00f6merberg : le c\u0153ur historique de Francfort<\/strong>&nbsp;<\/h2>\n\n\n\n<p>Le R\u00f6merberg est la place publique la plus pittoresque de Francfort, au c\u0153ur de la vieille ville. On y trouve des attractions majeures comme le R\u00f6mer \u2014 l&#8217;h\u00f4tel de ville \u2014 et l&#8217;\u00e9glise luth\u00e9rienne Saint-Nicolas-le-Vieux datant du XVe si\u00e8cle. Les maisons \u00e0 colombages m\u00e9di\u00e9vales offrent un cadre id\u00e9al pour de magnifiques photos, tandis que les caf\u00e9s branch\u00e9s et les boutiques vous invitent \u00e0 faire une pause bien m\u00e9rit\u00e9e. Le R\u00f6merberg accueille \u00e9galement de nombreuses animations, notamment les c\u00e9l\u00e8bres march\u00e9s de No\u00ebl.&nbsp;&nbsp;<\/p>\n\n\n\n<p><strong>Adresse<\/strong> : R\u00f6merberg 26, 60311 Frankfurt am Main, Allemagne&nbsp;<br><strong>Horaires d&#8217;ouverture<\/strong> : ouvert 24h\/24&nbsp;&nbsp;<\/p>\n\n\n\n<figure class=\"wp-block-gallery has-nested-images columns-default is-cropped wp-block-gallery-3 is-layout-flex wp-block-gallery-is-layout-flex\">\n<figure class=\"wp-block-image size-large\"><img decoding=\"async\" width=\"1024\" height=\"680\" data-id=\"16176\" data-src=\"https:\/\/www.meininger-hotels.com\/blog\/app\/uploads\/2022\/05\/6273499311_293dbbbe28_h-1024x680.jpg\" alt=\"Une journ\u00e9e \u00e0 Francfort : place du R\u00f6merberg avec ses maisons \u00e0 colombages\" class=\"wp-image-16176 lazyload\" data-srcset=\"https:\/\/www.meininger-hotels.com\/blog\/app\/uploads\/2022\/05\/6273499311_293dbbbe28_h-1024x680.jpg 1024w, https:\/\/www.meininger-hotels.com\/blog\/app\/uploads\/2022\/05\/6273499311_293dbbbe28_h-300x199.jpg 300w, https:\/\/www.meininger-hotels.com\/blog\/app\/uploads\/2022\/05\/6273499311_293dbbbe28_h-768x510.jpg 768w, https:\/\/www.meininger-hotels.com\/blog\/app\/uploads\/2022\/05\/6273499311_293dbbbe28_h-1536x1020.jpg 1536w, https:\/\/www.meininger-hotels.com\/blog\/app\/uploads\/2022\/05\/6273499311_293dbbbe28_h-1440x957.jpg 1440w, https:\/\/www.meininger-hotels.com\/blog\/app\/uploads\/2022\/05\/6273499311_293dbbbe28_h-1200x797.jpg 1200w, https:\/\/www.meininger-hotels.com\/blog\/app\/uploads\/2022\/05\/6273499311_293dbbbe28_h-600x399.jpg 600w, https:\/\/www.meininger-hotels.com\/blog\/app\/uploads\/2022\/05\/6273499311_293dbbbe28_h.jpg 1600w\" data-sizes=\"(max-width: 1024px) 100vw, 1024px\" src=\"data:image\/svg+xml;base64,PHN2ZyB3aWR0aD0iMSIgaGVpZ2h0PSIxIiB4bWxucz0iaHR0cDovL3d3dy53My5vcmcvMjAwMC9zdmciPjwvc3ZnPg==\" style=\"--smush-placeholder-width: 1024px; --smush-placeholder-aspect-ratio: 1024\/680;\" \/><\/figure>\n\n\n\n<figure class=\"wp-block-image size-large\"><img decoding=\"async\" width=\"1024\" height=\"678\" data-id=\"16174\" data-src=\"https:\/\/www.meininger-hotels.com\/blog\/app\/uploads\/2022\/05\/cmophoto-net-OEBeLcrzlaw-unsplash-1024x678.jpg\" alt=\"Une journ\u00e9e \u00e0 Francfort : march\u00e9 de No\u00ebl anim\u00e9 avec carrousel\" class=\"wp-image-16174 lazyload\" data-srcset=\"https:\/\/www.meininger-hotels.com\/blog\/app\/uploads\/2022\/05\/cmophoto-net-OEBeLcrzlaw-unsplash-1024x678.jpg 1024w, https:\/\/www.meininger-hotels.com\/blog\/app\/uploads\/2022\/05\/cmophoto-net-OEBeLcrzlaw-unsplash-300x199.jpg 300w, https:\/\/www.meininger-hotels.com\/blog\/app\/uploads\/2022\/05\/cmophoto-net-OEBeLcrzlaw-unsplash-768x508.jpg 768w, https:\/\/www.meininger-hotels.com\/blog\/app\/uploads\/2022\/05\/cmophoto-net-OEBeLcrzlaw-unsplash-1536x1017.jpg 1536w, https:\/\/www.meininger-hotels.com\/blog\/app\/uploads\/2022\/05\/cmophoto-net-OEBeLcrzlaw-unsplash-2048x1356.jpg 2048w, https:\/\/www.meininger-hotels.com\/blog\/app\/uploads\/2022\/05\/cmophoto-net-OEBeLcrzlaw-unsplash-1920x1271.jpg 1920w, https:\/\/www.meininger-hotels.com\/blog\/app\/uploads\/2022\/05\/cmophoto-net-OEBeLcrzlaw-unsplash-1440x953.jpg 1440w, https:\/\/www.meininger-hotels.com\/blog\/app\/uploads\/2022\/05\/cmophoto-net-OEBeLcrzlaw-unsplash-1200x794.jpg 1200w, https:\/\/www.meininger-hotels.com\/blog\/app\/uploads\/2022\/05\/cmophoto-net-OEBeLcrzlaw-unsplash-600x397.jpg 600w\" data-sizes=\"(max-width: 1024px) 100vw, 1024px\" src=\"data:image\/svg+xml;base64,PHN2ZyB3aWR0aD0iMSIgaGVpZ2h0PSIxIiB4bWxucz0iaHR0cDovL3d3dy53My5vcmcvMjAwMC9zdmciPjwvc3ZnPg==\" style=\"--smush-placeholder-width: 1024px; --smush-placeholder-aspect-ratio: 1024\/678;\" \/><\/figure>\n<figcaption class=\"blocks-gallery-caption wp-element-caption\">Place du R\u00f6merberg<\/figcaption><\/figure>\n\n\n\n<h2 class=\"wp-block-heading\"><strong>#8 L&#8217;Eiserner Steg&nbsp;&nbsp;<\/strong>&nbsp;<\/h2>\n\n\n\n<p>La passerelle pi\u00e9tonne embl\u00e9matique de Francfort, l&#8217;Eiserner Steg, relie le centre-ville au quartier de Sachsenhausen. C&#8217;est l&#8217;endroit id\u00e9al pour admirer le Main et le c\u00e9l\u00e8bre panorama urbain de Francfort, surnomm\u00e9 Mainhatten. Si vous aimez la photographie, traverser l&#8217;Eiserner Steg est une \u00e9tape incontournable de votre s\u00e9jour \u00e0 Francfort.&nbsp;&nbsp;<\/p>\n\n\n\n<p><em>Conseil MEININGER<\/em> : promenez-vous sur le pont au coucher du soleil, quand la lumi\u00e8re illumine les tours du Bankenviertel, pour des vues spectaculaires et des photos encore plus belles.&nbsp;<\/p>\n\n\n\n<p><strong>Adresse<\/strong> : Eiserner Steg, 60311 Frankfurt am Main&nbsp;<br><strong>Horaires d&#8217;ouverture<\/strong> : ouvert 24h\/24&nbsp;<\/p>\n\n\n\n<figure class=\"wp-block-image size-large\"><img decoding=\"async\" width=\"1024\" height=\"768\" data-src=\"https:\/\/www.meininger-hotels.com\/blog\/app\/uploads\/2022\/05\/sinan-erg-Xh7IYcRfMfs-unsplash-1024x768.jpg\" alt=\"Une journ\u00e9e \u00e0 Francfort : panorama sur la skyline avec le pont Eiserner Steg\" class=\"wp-image-16178 lazyload\" data-srcset=\"https:\/\/www.meininger-hotels.com\/blog\/app\/uploads\/2022\/05\/sinan-erg-Xh7IYcRfMfs-unsplash-1024x768.jpg 1024w, https:\/\/www.meininger-hotels.com\/blog\/app\/uploads\/2022\/05\/sinan-erg-Xh7IYcRfMfs-unsplash-300x225.jpg 300w, https:\/\/www.meininger-hotels.com\/blog\/app\/uploads\/2022\/05\/sinan-erg-Xh7IYcRfMfs-unsplash-768x576.jpg 768w, https:\/\/www.meininger-hotels.com\/blog\/app\/uploads\/2022\/05\/sinan-erg-Xh7IYcRfMfs-unsplash-1536x1152.jpg 1536w, https:\/\/www.meininger-hotels.com\/blog\/app\/uploads\/2022\/05\/sinan-erg-Xh7IYcRfMfs-unsplash-2048x1536.jpg 2048w, https:\/\/www.meininger-hotels.com\/blog\/app\/uploads\/2022\/05\/sinan-erg-Xh7IYcRfMfs-unsplash-1920x1440.jpg 1920w, https:\/\/www.meininger-hotels.com\/blog\/app\/uploads\/2022\/05\/sinan-erg-Xh7IYcRfMfs-unsplash-1440x1080.jpg 1440w, https:\/\/www.meininger-hotels.com\/blog\/app\/uploads\/2022\/05\/sinan-erg-Xh7IYcRfMfs-unsplash-1200x900.jpg 1200w, https:\/\/www.meininger-hotels.com\/blog\/app\/uploads\/2022\/05\/sinan-erg-Xh7IYcRfMfs-unsplash-600x450.jpg 600w\" data-sizes=\"(max-width: 1024px) 100vw, 1024px\" src=\"data:image\/svg+xml;base64,PHN2ZyB3aWR0aD0iMSIgaGVpZ2h0PSIxIiB4bWxucz0iaHR0cDovL3d3dy53My5vcmcvMjAwMC9zdmciPjwvc3ZnPg==\" style=\"--smush-placeholder-width: 1024px; --smush-placeholder-aspect-ratio: 1024\/768;\" \/><figcaption class=\"wp-element-caption\">Eiserner Steg<\/figcaption><\/figure>\n\n\n\n<figure class=\"wp-block-pullquote\"><blockquote><p>Une journ\u00e9e \u00e0 Francfort en famille<\/p><cite>Vous visitez Francfort avec des enfants ? Voici quelques activit\u00e9s pour divertir toute la famille :<\/cite><\/blockquote><\/figure>\n\n\n\n<h2 class=\"wp-block-heading\"><strong>#9 Le Mus\u00e9e Senckenberg d&#8217;Histoire Naturelle<\/strong>&nbsp;<\/h2>\n\n\n\n<p>Vous voyagez avec des enfants en pleine p\u00e9riode dinosaures ? Nous avons exactement ce qu&#8217;il vous faut : le Mus\u00e9e Senckenberg d&#8217;Histoire Naturelle, le deuxi\u00e8me plus grand mus\u00e9e d&#8217;histoire naturelle d&#8217;Allemagne ! En plus de ses nombreuses expositions sur la biodiversit\u00e9, il abrite la plus grande exposition de grands dinosaures d&#8217;Europe, ce qui en fait un lieu particuli\u00e8rement appr\u00e9ci\u00e9 des familles. Attention aux mod\u00e8les de dinosaures grandeur nature qui vous accueilleront d\u00e8s l&#8217;entr\u00e9e !&nbsp;&nbsp;<\/p>\n\n\n\n<p><strong>Adresse<\/strong> : Senckenberganlage 25, 60325 Frankfurt am Main, Allemagne&nbsp;<br><strong>Horaires d&#8217;ouverture<\/strong> : Lun-Ven (9h-17h, Mercredis 9h-20h), Sam-Dim (9h-18h)&nbsp;<br><strong><a href=\"https:\/\/museumfrankfurt.senckenberg.de\/en\/\" target=\"_blank\" rel=\"noreferrer noopener\">Site web<\/a><\/strong><\/p>\n\n\n\n<h2 class=\"wp-block-heading\"><strong>#10 Le Zoo de Francfort<\/strong>&nbsp;<\/h2>\n\n\n\n<p>Abritant plus de 4 500 animaux et 510 esp\u00e8ces diff\u00e9rentes, le Zoo de Francfort est le deuxi\u00e8me plus ancien zoo d&#8217;Allemagne, r\u00e9put\u00e9 pour ses excellentes installations. Parmi ses points forts : la Maison Grzimek, consacr\u00e9e \u00e0 la faune diverse de Madagascar, l&#8217;Exotarium avec ses animaux de diff\u00e9rentes r\u00e9gions climatiques \u2014 vie marine, reptiles et crocodiles \u2014, ainsi que la Maison des Animaux Nocturnes.&nbsp;&nbsp;<\/p>\n\n\n\n<p>De nombreux \u00e9v\u00e9nements et programmes sont propos\u00e9s tout au long de l&#8217;ann\u00e9e : f\u00eates familiales, expositions et visites guid\u00e9es. Pensez \u00e0 organiser votre journ\u00e9e autour des heures de nourrissage, qui vous permettent d&#8217;approcher au plus pr\u00e8s les crocodiles, pingouins et phoques.&nbsp;&nbsp;<\/p>\n\n\n\n<p><strong>Adresse<\/strong> : Bernhard-Grzimek-Allee 1, 60316 Frankfurt am Main, Allemagne&nbsp;<br><strong>Horaires d&#8217;ouverture<\/strong> : Lun-Ven (9h-19h)&nbsp;<br><strong><a href=\"https:\/\/www.zoo-frankfurt.de\/english\/welcome\" target=\"_blank\" rel=\"noreferrer noopener\">Site web<\/a><\/strong><\/p>\n\n\n\n<figure class=\"wp-block-image size-large\"><img decoding=\"async\" width=\"1024\" height=\"683\" data-src=\"https:\/\/www.meininger-hotels.com\/blog\/app\/uploads\/2022\/05\/daiga-ellaby-Sg_OwwU2Z9o-unsplash-1024x683.jpg\" alt=\"Une journ\u00e9e \u00e0 Francfort : jeune gar\u00e7on nourrissant des cerfs \u00e0 travers une cl\u00f4ture\" class=\"wp-image-16180 lazyload\" data-srcset=\"https:\/\/www.meininger-hotels.com\/blog\/app\/uploads\/2022\/05\/daiga-ellaby-Sg_OwwU2Z9o-unsplash-1024x683.jpg 1024w, https:\/\/www.meininger-hotels.com\/blog\/app\/uploads\/2022\/05\/daiga-ellaby-Sg_OwwU2Z9o-unsplash-300x200.jpg 300w, https:\/\/www.meininger-hotels.com\/blog\/app\/uploads\/2022\/05\/daiga-ellaby-Sg_OwwU2Z9o-unsplash-768x512.jpg 768w, https:\/\/www.meininger-hotels.com\/blog\/app\/uploads\/2022\/05\/daiga-ellaby-Sg_OwwU2Z9o-unsplash-1536x1024.jpg 1536w, https:\/\/www.meininger-hotels.com\/blog\/app\/uploads\/2022\/05\/daiga-ellaby-Sg_OwwU2Z9o-unsplash-2048x1365.jpg 2048w, https:\/\/www.meininger-hotels.com\/blog\/app\/uploads\/2022\/05\/daiga-ellaby-Sg_OwwU2Z9o-unsplash-1920x1280.jpg 1920w, https:\/\/www.meininger-hotels.com\/blog\/app\/uploads\/2022\/05\/daiga-ellaby-Sg_OwwU2Z9o-unsplash-1440x960.jpg 1440w, https:\/\/www.meininger-hotels.com\/blog\/app\/uploads\/2022\/05\/daiga-ellaby-Sg_OwwU2Z9o-unsplash-1200x800.jpg 1200w, https:\/\/www.meininger-hotels.com\/blog\/app\/uploads\/2022\/05\/daiga-ellaby-Sg_OwwU2Z9o-unsplash-600x400.jpg 600w\" data-sizes=\"(max-width: 1024px) 100vw, 1024px\" src=\"data:image\/svg+xml;base64,PHN2ZyB3aWR0aD0iMSIgaGVpZ2h0PSIxIiB4bWxucz0iaHR0cDovL3d3dy53My5vcmcvMjAwMC9zdmciPjwvc3ZnPg==\" style=\"--smush-placeholder-width: 1024px; --smush-placeholder-aspect-ratio: 1024\/683;\" \/><figcaption class=\"wp-element-caption\">Zoo de Francfort<\/figcaption><\/figure>\n\n\n\n<figure class=\"wp-block-pullquote\"><blockquote><p>O\u00f9 s\u00e9journer \u00e0 Francfort ?<\/p><cite>Une excellente option pour tout voyageur \u00e0 Francfort est notre&nbsp;<a href=\"https:\/\/www.meininger-hotels.com\/en\/hotels\/frankfurt-main\/hotel-frankfurt-airport\/\" target=\"_blank\" rel=\"follow noopener\">h\u00f4tel Frankfurt a\u00e9roport<\/a>&nbsp;, qui offre un h\u00e9bergement de qualit\u00e9 et d&#8217;excellentes liaisons de transport vers toute la ville.<br><\/cite><\/blockquote><\/figure>\n\n\n\n<figure class=\"wp-block-gallery has-nested-images columns-default is-cropped wp-block-gallery-4 is-layout-flex wp-block-gallery-is-layout-flex\">\n<figure class=\"wp-block-image size-large\"><img decoding=\"async\" width=\"1024\" height=\"683\" data-id=\"16183\" data-src=\"https:\/\/www.meininger-hotels.com\/blog\/app\/uploads\/2022\/05\/46400824325_b3f83bd7a1_o-1024x683.jpg\" alt=\"MEININGER Hotel Frankfurt\/Main Airport : chambre familiale avec lits superpos\u00e9s\" class=\"wp-image-16183 lazyload\" data-srcset=\"https:\/\/www.meininger-hotels.com\/blog\/app\/uploads\/2022\/05\/46400824325_b3f83bd7a1_o-1024x683.jpg 1024w, https:\/\/www.meininger-hotels.com\/blog\/app\/uploads\/2022\/05\/46400824325_b3f83bd7a1_o-300x200.jpg 300w, https:\/\/www.meininger-hotels.com\/blog\/app\/uploads\/2022\/05\/46400824325_b3f83bd7a1_o-768x512.jpg 768w, https:\/\/www.meininger-hotels.com\/blog\/app\/uploads\/2022\/05\/46400824325_b3f83bd7a1_o-1536x1024.jpg 1536w, https:\/\/www.meininger-hotels.com\/blog\/app\/uploads\/2022\/05\/46400824325_b3f83bd7a1_o-2048x1365.jpg 2048w, https:\/\/www.meininger-hotels.com\/blog\/app\/uploads\/2022\/05\/46400824325_b3f83bd7a1_o-1920x1280.jpg 1920w, https:\/\/www.meininger-hotels.com\/blog\/app\/uploads\/2022\/05\/46400824325_b3f83bd7a1_o-1440x960.jpg 1440w, https:\/\/www.meininger-hotels.com\/blog\/app\/uploads\/2022\/05\/46400824325_b3f83bd7a1_o-1200x800.jpg 1200w, https:\/\/www.meininger-hotels.com\/blog\/app\/uploads\/2022\/05\/46400824325_b3f83bd7a1_o-600x400.jpg 600w\" data-sizes=\"(max-width: 1024px) 100vw, 1024px\" src=\"data:image\/svg+xml;base64,PHN2ZyB3aWR0aD0iMSIgaGVpZ2h0PSIxIiB4bWxucz0iaHR0cDovL3d3dy53My5vcmcvMjAwMC9zdmciPjwvc3ZnPg==\" style=\"--smush-placeholder-width: 1024px; --smush-placeholder-aspect-ratio: 1024\/683;\" \/><\/figure>\n\n\n\n<figure class=\"wp-block-image size-large\"><img decoding=\"async\" width=\"1024\" height=\"683\" data-id=\"16186\" data-src=\"https:\/\/www.meininger-hotels.com\/blog\/app\/uploads\/2022\/05\/40242749543_c0aa82446a_o-1024x683.jpg\" alt=\"MEININGER Hotel Frankfurt\/Main Airport : espace lounge avec fresque murale et lampes rouges\" class=\"wp-image-16186 lazyload\" data-srcset=\"https:\/\/www.meininger-hotels.com\/blog\/app\/uploads\/2022\/05\/40242749543_c0aa82446a_o-1024x683.jpg 1024w, https:\/\/www.meininger-hotels.com\/blog\/app\/uploads\/2022\/05\/40242749543_c0aa82446a_o-300x200.jpg 300w, https:\/\/www.meininger-hotels.com\/blog\/app\/uploads\/2022\/05\/40242749543_c0aa82446a_o-768x512.jpg 768w, https:\/\/www.meininger-hotels.com\/blog\/app\/uploads\/2022\/05\/40242749543_c0aa82446a_o-1536x1024.jpg 1536w, https:\/\/www.meininger-hotels.com\/blog\/app\/uploads\/2022\/05\/40242749543_c0aa82446a_o-2048x1365.jpg 2048w, https:\/\/www.meininger-hotels.com\/blog\/app\/uploads\/2022\/05\/40242749543_c0aa82446a_o-1920x1280.jpg 1920w, https:\/\/www.meininger-hotels.com\/blog\/app\/uploads\/2022\/05\/40242749543_c0aa82446a_o-1440x960.jpg 1440w, https:\/\/www.meininger-hotels.com\/blog\/app\/uploads\/2022\/05\/40242749543_c0aa82446a_o-1200x800.jpg 1200w, https:\/\/www.meininger-hotels.com\/blog\/app\/uploads\/2022\/05\/40242749543_c0aa82446a_o-600x400.jpg 600w\" data-sizes=\"(max-width: 1024px) 100vw, 1024px\" src=\"data:image\/svg+xml;base64,PHN2ZyB3aWR0aD0iMSIgaGVpZ2h0PSIxIiB4bWxucz0iaHR0cDovL3d3dy53My5vcmcvMjAwMC9zdmciPjwvc3ZnPg==\" style=\"--smush-placeholder-width: 1024px; --smush-placeholder-aspect-ratio: 1024\/683;\" \/><\/figure>\n\n\n\n<figure class=\"wp-block-image size-large\"><img decoding=\"async\" width=\"1024\" height=\"683\" data-id=\"16188\" data-src=\"https:\/\/www.meininger-hotels.com\/blog\/app\/uploads\/2022\/05\/48346667831_3fa56cc93c_o-1024x683.jpg\" alt=\"MEININGER Hotel Frankfurt\/Main Airport : chambre double avec d\u00e9cor violet\" class=\"wp-image-16188 lazyload\" data-srcset=\"https:\/\/www.meininger-hotels.com\/blog\/app\/uploads\/2022\/05\/48346667831_3fa56cc93c_o-1024x683.jpg 1024w, https:\/\/www.meininger-hotels.com\/blog\/app\/uploads\/2022\/05\/48346667831_3fa56cc93c_o-300x200.jpg 300w, https:\/\/www.meininger-hotels.com\/blog\/app\/uploads\/2022\/05\/48346667831_3fa56cc93c_o-768x512.jpg 768w, https:\/\/www.meininger-hotels.com\/blog\/app\/uploads\/2022\/05\/48346667831_3fa56cc93c_o-1536x1024.jpg 1536w, https:\/\/www.meininger-hotels.com\/blog\/app\/uploads\/2022\/05\/48346667831_3fa56cc93c_o-2048x1365.jpg 2048w, https:\/\/www.meininger-hotels.com\/blog\/app\/uploads\/2022\/05\/48346667831_3fa56cc93c_o-1920x1280.jpg 1920w, https:\/\/www.meininger-hotels.com\/blog\/app\/uploads\/2022\/05\/48346667831_3fa56cc93c_o-1440x960.jpg 1440w, https:\/\/www.meininger-hotels.com\/blog\/app\/uploads\/2022\/05\/48346667831_3fa56cc93c_o-1200x800.jpg 1200w, https:\/\/www.meininger-hotels.com\/blog\/app\/uploads\/2022\/05\/48346667831_3fa56cc93c_o-600x400.jpg 600w\" data-sizes=\"(max-width: 1024px) 100vw, 1024px\" src=\"data:image\/svg+xml;base64,PHN2ZyB3aWR0aD0iMSIgaGVpZ2h0PSIxIiB4bWxucz0iaHR0cDovL3d3dy53My5vcmcvMjAwMC9zdmciPjwvc3ZnPg==\" style=\"--smush-placeholder-width: 1024px; --smush-placeholder-aspect-ratio: 1024\/683;\" \/><\/figure>\n<\/figure>\n","protected":false},"excerpt":{"rendered":"<p>D\u00e9couvrez les 10 meilleures choses \u00e0 faire en une journ\u00e9e \u00e0 Francfort : march\u00e9s, mus\u00e9es, skyline et bien plus encore. Toutes nos recommandations ici !<\/p>\n","protected":false},"author":99,"featured_media":16190,"comment_status":"closed","ping_status":"closed","sticky":false,"template":"","format":"standard","meta":{"_acf_changed":false,"loftocean_post_format_gallery":"","loftocean_post_format_gallery_ids":"","loftocean_post_format_gallery_urls":"","loftocean_post_format_video_id":0,"loftocean_post_format_video_url":"","loftocean_post_format_video_type":"","loftocean_post_format_video":"","loftocean_post_format_audio_type":"","loftocean_post_format_audio_url":"","loftocean_post_format_audio_id":0,"loftocean_post_format_audio":"","loftocean-featured-post":"","loftocean-like-count":0,"loftocean-view-count":18,"loftocean-enable-content-navigation":"","loftocean-content-navigation-position":"","loftocean-content-navigation-heading":"","loftocean-content-navigation-label":"","loftocean-content-navigation-icon":"","loftocean-map-location":"","loftocean-map-latlng":"","loftocean-map-auto-latlng":"","eaven_single_post_hide_thumbnail":"","eaven_single_post_template":"","eaven_single_post_sidebar":"","eaven_hide_before_page_content_ad":"","eaven_hide_after_page_content_ad":"","eaven_advanced_classname":"","footnotes":""},"categories":[1414,24,7,263,1422,253,255,1427],"tags":[1592,1491,395,274,1551,1133],"acf":[],"yoast_head":"<!-- This site is optimized with the Yoast SEO plugin v23.0 - https:\/\/yoast.com\/wordpress\/plugins\/seo\/ -->\n<title>Une journ\u00e9e \u00e0 Francfort | MEININGER Hotels<\/title>\n<meta name=\"description\" content=\"D\u00e9couvrez les 10 meilleures choses \u00e0 faire en une journ\u00e9e \u00e0 Francfort : march\u00e9s, mus\u00e9es, skyline et bien plus encore. Toutes nos recommandations ici !\" \/>\n<meta name=\"robots\" content=\"index, follow, max-snippet:-1, max-image-preview:large, max-video-preview:-1\" \/>\n<link rel=\"canonical\" href=\"https:\/\/www.meininger-hotels.com\/blog\/fr\/une-journee-a-francfort\/\" \/>\n<meta property=\"og:locale\" content=\"fr_FR\" \/>\n<meta property=\"og:type\" content=\"article\" \/>\n<meta property=\"og:title\" content=\"Une journ\u00e9e \u00e0 Francfort | MEININGER Hotels\" \/>\n<meta property=\"og:description\" content=\"D\u00e9couvrez les 10 meilleures choses \u00e0 faire en une journ\u00e9e \u00e0 Francfort : march\u00e9s, mus\u00e9es, skyline et bien plus encore. Toutes nos recommandations ici !\" \/>\n<meta property=\"og:url\" content=\"https:\/\/www.meininger-hotels.com\/blog\/fr\/une-journee-a-francfort\/\" \/>\n<meta property=\"og:site_name\" content=\"MEININGER Hotels\" \/>\n<meta property=\"article:published_time\" content=\"2026-04-27T10:23:46+00:00\" \/>\n<meta property=\"article:modified_time\" content=\"2026-04-27T10:23:48+00:00\" \/>\n<meta property=\"og:image\" content=\"https:\/\/www.meininger-hotels.com\/blog\/app\/uploads\/2015\/05\/cmophoto-net-3rwBabCFVYc-unsplash-scaled.jpg\" \/>\n\t<meta property=\"og:image:width\" content=\"2560\" \/>\n\t<meta property=\"og:image:height\" content=\"1733\" \/>\n\t<meta property=\"og:image:type\" content=\"image\/jpeg\" \/>\n<meta name=\"author\" content=\"MEININGER\" \/>\n<meta name=\"twitter:card\" content=\"summary_large_image\" \/>\n<meta name=\"twitter:label1\" content=\"Written by\" \/>\n\t<meta name=\"twitter:data1\" content=\"MEININGER\" \/>\n\t<meta name=\"twitter:label2\" content=\"Est. reading time\" \/>\n\t<meta name=\"twitter:data2\" content=\"8 minutes\" \/>\n<script type=\"application\/ld+json\" class=\"yoast-schema-graph\">{\"@context\":\"https:\/\/schema.org\",\"@graph\":[{\"@type\":\"Article\",\"@id\":\"https:\/\/www.meininger-hotels.com\/blog\/fr\/une-journee-a-francfort\/#article\",\"isPartOf\":{\"@id\":\"https:\/\/www.meininger-hotels.com\/blog\/fr\/une-journee-a-francfort\/\"},\"author\":{\"name\":\"MEININGER\",\"@id\":\"https:\/\/www.meininger-hotels.com\/blog\/fr\/#\/schema\/person\/882b525349c77fb74a786818b5aaa5fb\"},\"headline\":\"Une journ\u00e9e \u00e0 Francfort : les 10 meilleures choses \u00e0 faire\",\"datePublished\":\"2026-04-27T10:23:46+00:00\",\"dateModified\":\"2026-04-27T10:23:48+00:00\",\"mainEntityOfPage\":{\"@id\":\"https:\/\/www.meininger-hotels.com\/blog\/fr\/une-journee-a-francfort\/\"},\"wordCount\":1335,\"publisher\":{\"@id\":\"https:\/\/www.meininger-hotels.com\/blog\/fr\/#organization\"},\"image\":{\"@id\":\"https:\/\/www.meininger-hotels.com\/blog\/fr\/une-journee-a-francfort\/#primaryimage\"},\"thumbnailUrl\":\"https:\/\/www.meininger-hotels.com\/blog\/app\/uploads\/2015\/05\/cmophoto-net-3rwBabCFVYc-unsplash-scaled.jpg\",\"keywords\":[\"Art et Culture\",\"Europareise\",\"Europareise\",\"Kunst und Kultur\",\"Travel\",\"Travel\"],\"articleSection\":[\"Arts | Musique | \u00c9v\u00e9nements\",\"Deutschland\",\"Frankfurt\/Main\",\"Kunst | Musik | Events\",\"MEININGER\",\"MEININGER\",\"Reisen\",\"Voyage\"],\"inLanguage\":\"fr-FR\"},{\"@type\":\"WebPage\",\"@id\":\"https:\/\/www.meininger-hotels.com\/blog\/fr\/une-journee-a-francfort\/\",\"url\":\"https:\/\/www.meininger-hotels.com\/blog\/fr\/une-journee-a-francfort\/\",\"name\":\"Une journ\u00e9e \u00e0 Francfort | MEININGER Hotels\",\"isPartOf\":{\"@id\":\"https:\/\/www.meininger-hotels.com\/blog\/fr\/#website\"},\"primaryImageOfPage\":{\"@id\":\"https:\/\/www.meininger-hotels.com\/blog\/fr\/une-journee-a-francfort\/#primaryimage\"},\"image\":{\"@id\":\"https:\/\/www.meininger-hotels.com\/blog\/fr\/une-journee-a-francfort\/#primaryimage\"},\"thumbnailUrl\":\"https:\/\/www.meininger-hotels.com\/blog\/app\/uploads\/2015\/05\/cmophoto-net-3rwBabCFVYc-unsplash-scaled.jpg\",\"datePublished\":\"2026-04-27T10:23:46+00:00\",\"dateModified\":\"2026-04-27T10:23:48+00:00\",\"description\":\"D\u00e9couvrez les 10 meilleures choses \u00e0 faire en une journ\u00e9e \u00e0 Francfort : march\u00e9s, mus\u00e9es, skyline et bien plus encore. Toutes nos recommandations ici !\",\"breadcrumb\":{\"@id\":\"https:\/\/www.meininger-hotels.com\/blog\/fr\/une-journee-a-francfort\/#breadcrumb\"},\"inLanguage\":\"fr-FR\",\"potentialAction\":[{\"@type\":\"ReadAction\",\"target\":[\"https:\/\/www.meininger-hotels.com\/blog\/fr\/une-journee-a-francfort\/\"]}]},{\"@type\":\"ImageObject\",\"inLanguage\":\"fr-FR\",\"@id\":\"https:\/\/www.meininger-hotels.com\/blog\/fr\/une-journee-a-francfort\/#primaryimage\",\"url\":\"https:\/\/www.meininger-hotels.com\/blog\/app\/uploads\/2015\/05\/cmophoto-net-3rwBabCFVYc-unsplash-scaled.jpg\",\"contentUrl\":\"https:\/\/www.meininger-hotels.com\/blog\/app\/uploads\/2015\/05\/cmophoto-net-3rwBabCFVYc-unsplash-scaled.jpg\",\"width\":2560,\"height\":1733,\"caption\":\"Frankfurt skyline with Deutsche Bank tower at sunset\"},{\"@type\":\"BreadcrumbList\",\"@id\":\"https:\/\/www.meininger-hotels.com\/blog\/fr\/une-journee-a-francfort\/#breadcrumb\",\"itemListElement\":[{\"@type\":\"ListItem\",\"position\":1,\"name\":\"Home\",\"item\":\"https:\/\/www.meininger-hotels.com\/blog\/fr\/\"},{\"@type\":\"ListItem\",\"position\":2,\"name\":\"Une journ\u00e9e \u00e0 Francfort : les 10 meilleures choses \u00e0 faire\"}]},{\"@type\":\"WebSite\",\"@id\":\"https:\/\/www.meininger-hotels.com\/blog\/fr\/#website\",\"url\":\"https:\/\/www.meininger-hotels.com\/blog\/fr\/\",\"name\":\"MEININGER Hotels\",\"description\":\"Explore the top European cities we live in\",\"publisher\":{\"@id\":\"https:\/\/www.meininger-hotels.com\/blog\/fr\/#organization\"},\"potentialAction\":[{\"@type\":\"SearchAction\",\"target\":{\"@type\":\"EntryPoint\",\"urlTemplate\":\"https:\/\/www.meininger-hotels.com\/blog\/fr\/?s={search_term_string}\"},\"query-input\":\"required name=search_term_string\"}],\"inLanguage\":\"fr-FR\"},{\"@type\":\"Organization\",\"@id\":\"https:\/\/www.meininger-hotels.com\/blog\/fr\/#organization\",\"name\":\"MEININGER Hotels\",\"url\":\"https:\/\/www.meininger-hotels.com\/blog\/fr\/\",\"logo\":{\"@type\":\"ImageObject\",\"inLanguage\":\"fr-FR\",\"@id\":\"https:\/\/www.meininger-hotels.com\/blog\/fr\/#\/schema\/logo\/image\/\",\"url\":\"https:\/\/www.meininger-hotels.com\/blog\/app\/uploads\/2020\/12\/meininger-logo.png\",\"contentUrl\":\"https:\/\/www.meininger-hotels.com\/blog\/app\/uploads\/2020\/12\/meininger-logo.png\",\"width\":250,\"height\":250,\"caption\":\"MEININGER Hotels\"},\"image\":{\"@id\":\"https:\/\/www.meininger-hotels.com\/blog\/fr\/#\/schema\/logo\/image\/\"}},{\"@type\":\"Person\",\"@id\":\"https:\/\/www.meininger-hotels.com\/blog\/fr\/#\/schema\/person\/882b525349c77fb74a786818b5aaa5fb\",\"name\":\"MEININGER\",\"image\":{\"@type\":\"ImageObject\",\"inLanguage\":\"fr-FR\",\"@id\":\"https:\/\/www.meininger-hotels.com\/blog\/fr\/#\/schema\/person\/image\/\",\"url\":\"https:\/\/secure.gravatar.com\/avatar\/44c94f86f425c7a68ffd38e5e1eb1edf?s=96&d=mm&r=g\",\"contentUrl\":\"https:\/\/secure.gravatar.com\/avatar\/44c94f86f425c7a68ffd38e5e1eb1edf?s=96&d=mm&r=g\",\"caption\":\"MEININGER\"},\"url\":\"https:\/\/www.meininger-hotels.com\/blog\/fr\/author\/meininger-ai-editor\/\"}]}<\/script>\n<!-- \/ Yoast SEO plugin. -->","yoast_head_json":{"title":"Une journ\u00e9e \u00e0 Francfort | MEININGER Hotels","description":"D\u00e9couvrez les 10 meilleures choses \u00e0 faire en une journ\u00e9e \u00e0 Francfort : march\u00e9s, mus\u00e9es, skyline et bien plus encore. Toutes nos recommandations ici !","robots":{"index":"index","follow":"follow","max-snippet":"max-snippet:-1","max-image-preview":"max-image-preview:large","max-video-preview":"max-video-preview:-1"},"canonical":"https:\/\/www.meininger-hotels.com\/blog\/fr\/une-journee-a-francfort\/","og_locale":"fr_FR","og_type":"article","og_title":"Une journ\u00e9e \u00e0 Francfort | MEININGER Hotels","og_description":"D\u00e9couvrez les 10 meilleures choses \u00e0 faire en une journ\u00e9e \u00e0 Francfort : march\u00e9s, mus\u00e9es, skyline et bien plus encore. Toutes nos recommandations ici !","og_url":"https:\/\/www.meininger-hotels.com\/blog\/fr\/une-journee-a-francfort\/","og_site_name":"MEININGER Hotels","article_published_time":"2026-04-27T10:23:46+00:00","article_modified_time":"2026-04-27T10:23:48+00:00","og_image":[{"width":2560,"height":1733,"url":"https:\/\/www.meininger-hotels.com\/blog\/app\/uploads\/2015\/05\/cmophoto-net-3rwBabCFVYc-unsplash-scaled.jpg","type":"image\/jpeg"}],"author":"MEININGER","twitter_card":"summary_large_image","twitter_misc":{"Written by":"MEININGER","Est. reading time":"8 minutes"},"schema":{"@context":"https:\/\/schema.org","@graph":[{"@type":"Article","@id":"https:\/\/www.meininger-hotels.com\/blog\/fr\/une-journee-a-francfort\/#article","isPartOf":{"@id":"https:\/\/www.meininger-hotels.com\/blog\/fr\/une-journee-a-francfort\/"},"author":{"name":"MEININGER","@id":"https:\/\/www.meininger-hotels.com\/blog\/fr\/#\/schema\/person\/882b525349c77fb74a786818b5aaa5fb"},"headline":"Une journ\u00e9e \u00e0 Francfort : les 10 meilleures choses \u00e0 faire","datePublished":"2026-04-27T10:23:46+00:00","dateModified":"2026-04-27T10:23:48+00:00","mainEntityOfPage":{"@id":"https:\/\/www.meininger-hotels.com\/blog\/fr\/une-journee-a-francfort\/"},"wordCount":1335,"publisher":{"@id":"https:\/\/www.meininger-hotels.com\/blog\/fr\/#organization"},"image":{"@id":"https:\/\/www.meininger-hotels.com\/blog\/fr\/une-journee-a-francfort\/#primaryimage"},"thumbnailUrl":"https:\/\/www.meininger-hotels.com\/blog\/app\/uploads\/2015\/05\/cmophoto-net-3rwBabCFVYc-unsplash-scaled.jpg","keywords":["Art et Culture","Europareise","Europareise","Kunst und Kultur","Travel","Travel"],"articleSection":["Arts | Musique | \u00c9v\u00e9nements","Deutschland","Frankfurt\/Main","Kunst | Musik | Events","MEININGER","MEININGER","Reisen","Voyage"],"inLanguage":"fr-FR"},{"@type":"WebPage","@id":"https:\/\/www.meininger-hotels.com\/blog\/fr\/une-journee-a-francfort\/","url":"https:\/\/www.meininger-hotels.com\/blog\/fr\/une-journee-a-francfort\/","name":"Une journ\u00e9e \u00e0 Francfort | MEININGER Hotels","isPartOf":{"@id":"https:\/\/www.meininger-hotels.com\/blog\/fr\/#website"},"primaryImageOfPage":{"@id":"https:\/\/www.meininger-hotels.com\/blog\/fr\/une-journee-a-francfort\/#primaryimage"},"image":{"@id":"https:\/\/www.meininger-hotels.com\/blog\/fr\/une-journee-a-francfort\/#primaryimage"},"thumbnailUrl":"https:\/\/www.meininger-hotels.com\/blog\/app\/uploads\/2015\/05\/cmophoto-net-3rwBabCFVYc-unsplash-scaled.jpg","datePublished":"2026-04-27T10:23:46+00:00","dateModified":"2026-04-27T10:23:48+00:00","description":"D\u00e9couvrez les 10 meilleures choses \u00e0 faire en une journ\u00e9e \u00e0 Francfort : march\u00e9s, mus\u00e9es, skyline et bien plus encore. Toutes nos recommandations ici !","breadcrumb":{"@id":"https:\/\/www.meininger-hotels.com\/blog\/fr\/une-journee-a-francfort\/#breadcrumb"},"inLanguage":"fr-FR","potentialAction":[{"@type":"ReadAction","target":["https:\/\/www.meininger-hotels.com\/blog\/fr\/une-journee-a-francfort\/"]}]},{"@type":"ImageObject","inLanguage":"fr-FR","@id":"https:\/\/www.meininger-hotels.com\/blog\/fr\/une-journee-a-francfort\/#primaryimage","url":"https:\/\/www.meininger-hotels.com\/blog\/app\/uploads\/2015\/05\/cmophoto-net-3rwBabCFVYc-unsplash-scaled.jpg","contentUrl":"https:\/\/www.meininger-hotels.com\/blog\/app\/uploads\/2015\/05\/cmophoto-net-3rwBabCFVYc-unsplash-scaled.jpg","width":2560,"height":1733,"caption":"Frankfurt skyline with Deutsche Bank tower at sunset"},{"@type":"BreadcrumbList","@id":"https:\/\/www.meininger-hotels.com\/blog\/fr\/une-journee-a-francfort\/#breadcrumb","itemListElement":[{"@type":"ListItem","position":1,"name":"Home","item":"https:\/\/www.meininger-hotels.com\/blog\/fr\/"},{"@type":"ListItem","position":2,"name":"Une journ\u00e9e \u00e0 Francfort : les 10 meilleures choses \u00e0 faire"}]},{"@type":"WebSite","@id":"https:\/\/www.meininger-hotels.com\/blog\/fr\/#website","url":"https:\/\/www.meininger-hotels.com\/blog\/fr\/","name":"MEININGER Hotels","description":"Explore the top European cities we live in","publisher":{"@id":"https:\/\/www.meininger-hotels.com\/blog\/fr\/#organization"},"potentialAction":[{"@type":"SearchAction","target":{"@type":"EntryPoint","urlTemplate":"https:\/\/www.meininger-hotels.com\/blog\/fr\/?s={search_term_string}"},"query-input":"required name=search_term_string"}],"inLanguage":"fr-FR"},{"@type":"Organization","@id":"https:\/\/www.meininger-hotels.com\/blog\/fr\/#organization","name":"MEININGER Hotels","url":"https:\/\/www.meininger-hotels.com\/blog\/fr\/","logo":{"@type":"ImageObject","inLanguage":"fr-FR","@id":"https:\/\/www.meininger-hotels.com\/blog\/fr\/#\/schema\/logo\/image\/","url":"https:\/\/www.meininger-hotels.com\/blog\/app\/uploads\/2020\/12\/meininger-logo.png","contentUrl":"https:\/\/www.meininger-hotels.com\/blog\/app\/uploads\/2020\/12\/meininger-logo.png","width":250,"height":250,"caption":"MEININGER Hotels"},"image":{"@id":"https:\/\/www.meininger-hotels.com\/blog\/fr\/#\/schema\/logo\/image\/"}},{"@type":"Person","@id":"https:\/\/www.meininger-hotels.com\/blog\/fr\/#\/schema\/person\/882b525349c77fb74a786818b5aaa5fb","name":"MEININGER","image":{"@type":"ImageObject","inLanguage":"fr-FR","@id":"https:\/\/www.meininger-hotels.com\/blog\/fr\/#\/schema\/person\/image\/","url":"https:\/\/secure.gravatar.com\/avatar\/44c94f86f425c7a68ffd38e5e1eb1edf?s=96&d=mm&r=g","contentUrl":"https:\/\/secure.gravatar.com\/avatar\/44c94f86f425c7a68ffd38e5e1eb1edf?s=96&d=mm&r=g","caption":"MEININGER"},"url":"https:\/\/www.meininger-hotels.com\/blog\/fr\/author\/meininger-ai-editor\/"}]}},"_links":{"self":[{"href":"https:\/\/www.meininger-hotels.com\/blog\/fr\/wp-json\/wp\/v2\/posts\/51091"}],"collection":[{"href":"https:\/\/www.meininger-hotels.com\/blog\/fr\/wp-json\/wp\/v2\/posts"}],"about":[{"href":"https:\/\/www.meininger-hotels.com\/blog\/fr\/wp-json\/wp\/v2\/types\/post"}],"author":[{"embeddable":true,"href":"https:\/\/www.meininger-hotels.com\/blog\/fr\/wp-json\/wp\/v2\/users\/99"}],"replies":[{"embeddable":true,"href":"https:\/\/www.meininger-hotels.com\/blog\/fr\/wp-json\/wp\/v2\/comments?post=51091"}],"version-history":[{"count":2,"href":"https:\/\/www.meininger-hotels.com\/blog\/fr\/wp-json\/wp\/v2\/posts\/51091\/revisions"}],"predecessor-version":[{"id":51118,"href":"https:\/\/www.meininger-hotels.com\/blog\/fr\/wp-json\/wp\/v2\/posts\/51091\/revisions\/51118"}],"wp:featuredmedia":[{"embeddable":true,"href":"https:\/\/www.meininger-hotels.com\/blog\/fr\/wp-json\/wp\/v2\/media\/16190"}],"wp:attachment":[{"href":"https:\/\/www.meininger-hotels.com\/blog\/fr\/wp-json\/wp\/v2\/media?parent=51091"}],"wp:term":[{"taxonomy":"category","embeddable":true,"href":"https:\/\/www.meininger-hotels.com\/blog\/fr\/wp-json\/wp\/v2\/categories?post=51091"},{"taxonomy":"post_tag","embeddable":true,"href":"https:\/\/www.meininger-hotels.com\/blog\/fr\/wp-json\/wp\/v2\/tags?post=51091"}],"curies":[{"name":"wp","href":"https:\/\/api.w.org\/{rel}","templated":true}]}}