{"id":51136,"date":"2026-04-28T14:45:52","date_gmt":"2026-04-28T14:45:52","guid":{"rendered":"https:\/\/www.meininger-hotels.com\/blog\/?p=51136"},"modified":"2026-04-28T14:46:06","modified_gmt":"2026-04-28T14:46:06","slug":"jours-feries-suisse-2026","status":"publish","type":"post","link":"https:\/\/www.meininger-hotels.com\/blog\/fr\/jours-feries-suisse-2026\/","title":{"rendered":"Jours f\u00e9ri\u00e9s en Suisse 2026 : guide complet par canton \ud83c\udde8\ud83c\udded"},"content":{"rendered":"\n<h2 class=\"wp-block-heading\"><strong>Jours f\u00e9ri\u00e9s suisses 2026 : un guide canton par canton \ud83c\udde8\ud83c\udded<\/strong>&nbsp;<\/h2>\n\n\n\n<p>Les jours f\u00e9ri\u00e9s en Suisse sont la meilleure occasion d&#8217;explorer davantage ce pays \u2014 que vous le visitiez pour la premi\u00e8re fois ou que vous ayez la chance d&#8217;y vivre. Pour faciliter la planification, nous avons rassembl\u00e9 une liste compl\u00e8te des jours f\u00e9ri\u00e9s 2026, canton par canton.<\/p>\n\n\n\n<h2 class=\"wp-block-heading\"><strong>Types de jours f\u00e9ri\u00e9s en Suisse \ud83d\udcc5<\/strong>&nbsp;<\/h2>\n\n\n\n<p>La Suisse est divis\u00e9e en 26 cantons, comparables aux \u00e9tats ou provinces d&#8217;autres pays. Chaque canton dispose d&#8217;une large autonomie, avec son propre gouvernement, ses tribunaux \u2014 et bien s\u00fbr, ses jours f\u00e9ri\u00e9s.<\/p>\n\n\n<div class=\"wp-block-image\">\n<figure class=\"aligncenter size-large\"><img decoding=\"async\" width=\"1024\" height=\"683\" data-src=\"https:\/\/www.meininger-hotels.com\/blog\/app\/uploads\/2025\/04\/dino-reichmuth-zlV1Ksvifvs-unsplash-1024x683.jpg\" alt=\"Jours f\u00e9ri\u00e9s en Suisse : cabane au bord d'un lac avec for\u00eat de sapins et montagnes enneig\u00e9es\" class=\"wp-image-40109 lazyload\" data-srcset=\"https:\/\/www.meininger-hotels.com\/blog\/app\/uploads\/2025\/04\/dino-reichmuth-zlV1Ksvifvs-unsplash-1024x683.jpg 1024w, https:\/\/www.meininger-hotels.com\/blog\/app\/uploads\/2025\/04\/dino-reichmuth-zlV1Ksvifvs-unsplash-300x200.jpg 300w, https:\/\/www.meininger-hotels.com\/blog\/app\/uploads\/2025\/04\/dino-reichmuth-zlV1Ksvifvs-unsplash-768x512.jpg 768w, https:\/\/www.meininger-hotels.com\/blog\/app\/uploads\/2025\/04\/dino-reichmuth-zlV1Ksvifvs-unsplash-1536x1025.jpg 1536w, https:\/\/www.meininger-hotels.com\/blog\/app\/uploads\/2025\/04\/dino-reichmuth-zlV1Ksvifvs-unsplash-2048x1366.jpg 2048w, https:\/\/www.meininger-hotels.com\/blog\/app\/uploads\/2025\/04\/dino-reichmuth-zlV1Ksvifvs-unsplash-scaled.jpg 1920w, https:\/\/www.meininger-hotels.com\/blog\/app\/uploads\/2025\/04\/dino-reichmuth-zlV1Ksvifvs-unsplash-1440x961.jpg 1440w, https:\/\/www.meininger-hotels.com\/blog\/app\/uploads\/2025\/04\/dino-reichmuth-zlV1Ksvifvs-unsplash-1200x800.jpg 1200w, https:\/\/www.meininger-hotels.com\/blog\/app\/uploads\/2025\/04\/dino-reichmuth-zlV1Ksvifvs-unsplash-600x400.jpg 600w\" data-sizes=\"(max-width: 1024px) 100vw, 1024px\" src=\"data:image\/svg+xml;base64,PHN2ZyB3aWR0aD0iMSIgaGVpZ2h0PSIxIiB4bWxucz0iaHR0cDovL3d3dy53My5vcmcvMjAwMC9zdmciPjwvc3ZnPg==\" style=\"--smush-placeholder-width: 1024px; --smush-placeholder-aspect-ratio: 1024\/683;\" \/><figcaption class=\"wp-element-caption\">Profitez de vues alpines sereines lors d&#8217;une escapade pendant un jour f\u00e9ri\u00e9 suisse<\/figcaption><\/figure><\/div>\n\n\n<figure class=\"wp-block-pullquote\"><blockquote><p><sub>Si vous planifiez un voyage prochainement et souhaitez profiter au maximum de ces jours f\u00e9ri\u00e9s nationaux ou r\u00e9gionaux,<\/sub><\/p><cite>nous avons compil\u00e9 une liste pour vous faciliter la vie !<br><br>\ud83d\udc47\ud83c\udffc\ud83d\udc47\ud83c\udffc\ud83d\udc47<\/cite><\/blockquote><\/figure>\n\n\n\n<h2 class=\"wp-block-heading\"><strong>Jours f\u00e9ri\u00e9s nationaux (observ\u00e9s dans tous les cantons)<\/strong>&nbsp;<\/h2>\n\n\n\n<ul>\n<li><strong>Jour de l&#8217;An<\/strong> : jeudi 1er janvier<\/li>\n\n\n\n<li><strong>Ascension<\/strong> : jeudi 14 mai<\/li>\n\n\n\n<li><strong>F\u00eate nationale suisse<\/strong> : samedi 1er ao\u00fbt<\/li>\n\n\n\n<li><strong>No\u00ebl<\/strong> : vendredi 25 d\u00e9cembre<\/li>\n<\/ul>\n\n\n\n<p>\ud83d\udccc Astuce : si un jour f\u00e9ri\u00e9 tombe un jeudi, pensez \u00e0 poser le vendredi pour profiter d&#8217;un long week-end de 4 jours.<\/p>\n\n\n\n<h2 class=\"wp-block-heading\"><strong>Jours f\u00e9ri\u00e9s cantonaux<\/strong>&nbsp;<strong>(en plus des jours f\u00e9ri\u00e9s nationaux)<\/strong><\/h2>\n\n\n\n<p>Contrairement aux jours f\u00e9ri\u00e9s nationaux mentionn\u00e9s ci-dessus, les jours f\u00e9ri\u00e9s cantonaux varient selon les cantons. Avec un peu d&#8217;organisation, vous pouvez profiter de longs week-ends et planifier un city trip en Suisse autour de ces dates.&nbsp;&nbsp;<\/p>\n\n\n\n<h3 class=\"wp-block-heading\"><strong>\ud83d\udccd Argovie (AG)&nbsp;<\/strong>&nbsp;<\/h3>\n\n\n\n<ul>\n<li><strong>Jour de Berchtold :<\/strong> vendredi 2 janvier<\/li>\n\n\n\n<li><strong>Vendredi saint :<\/strong> 3 avril<\/li>\n\n\n\n<li><strong>Lundi de P\u00e2ques :<\/strong> 6 avril<\/li>\n\n\n\n<li><strong>Lundi de Pentec\u00f4te :<\/strong> 25 mai<\/li>\n\n\n\n<li><strong>F\u00eate-Dieu :<\/strong> jeudi 4 juin<\/li>\n\n\n\n<li><strong>Assomption :<\/strong> samedi 15 ao\u00fbt<\/li>\n\n\n\n<li><strong>Toussaint :<\/strong> dimanche 1er novembre<\/li>\n\n\n\n<li><strong>Immacul\u00e9e Conception :<\/strong> mardi 8 d\u00e9cembre<\/li>\n\n\n\n<li><strong>Saint-\u00c9tienne :<\/strong> samedi 26 d\u00e9cembre<\/li>\n<\/ul>\n\n\n\n<h3 class=\"wp-block-heading\"><strong>\ud83c\udde8\ud83c\udded Appenzell Rhodes-Int\u00e9rieures (AI)<\/strong>&nbsp;<\/h3>\n\n\n\n<ul>\n<li><strong>Vendredi saint :<\/strong> 3 avril<\/li>\n\n\n\n<li><strong>Lundi de P\u00e2ques :<\/strong> 6 avril<\/li>\n\n\n\n<li><strong>Lundi de Pentec\u00f4te :<\/strong> 25 mai<\/li>\n\n\n\n<li><strong>F\u00eate-Dieu :<\/strong> jeudi 4 juin<\/li>\n\n\n\n<li><strong>Assomption :<\/strong> samedi 15 ao\u00fbt<\/li>\n\n\n\n<li><strong>Saint-Maurice :<\/strong> mardi 22 septembre<\/li>\n\n\n\n<li><strong>Toussaint :<\/strong> dimanche 1er novembre<\/li>\n\n\n\n<li><strong>Immacul\u00e9e Conception :<\/strong> mardi 8 d\u00e9cembre<\/li>\n\n\n\n<li><strong>Saint-\u00c9tienne :<\/strong> samedi 26 d\u00e9cembre<\/li>\n<\/ul>\n\n\n\n<h3 class=\"wp-block-heading\"><strong>\ud83d\udccd Appenzell Rhodes-Ext\u00e9rieures (AR)&nbsp;<\/strong>&nbsp;<\/h3>\n\n\n\n<ul>\n<li><strong>Vendredi saint :<\/strong> 3 avril<\/li>\n\n\n\n<li><strong>Lundi de P\u00e2ques :<\/strong> 6 avril&nbsp;&nbsp;<\/li>\n\n\n\n<li><strong>Lundi de Pentec\u00f4te :<\/strong> 25 mai&nbsp;&nbsp;<\/li>\n\n\n\n<li><strong>Saint-\u00c9tienne :<\/strong> samedi 26 d\u00e9cembre&nbsp;<\/li>\n<\/ul>\n\n\n\n<h3 class=\"wp-block-heading\"><strong>\ud83c\udde8\ud83c\udded B\u00e2le-Campagne (BL)&nbsp;<\/strong>&nbsp;<\/h3>\n\n\n\n<ul>\n<li><strong>Vendredi saint :<\/strong> 3 avril&nbsp;&nbsp;<\/li>\n\n\n\n<li><strong>Lundi de P\u00e2ques :<\/strong> 6 avril&nbsp;&nbsp;<\/li>\n\n\n\n<li><strong>F\u00eate du Travail :<\/strong> vendredi 1er mai&nbsp;&nbsp;<\/li>\n\n\n\n<li><strong>Lundi de Pentec\u00f4te :<\/strong> 25 mai&nbsp;<\/li>\n\n\n\n<li><strong>Saint-\u00c9tienne :<\/strong> samedi 26 d\u00e9cembre&nbsp;<\/li>\n<\/ul>\n\n\n\n<h3 class=\"wp-block-heading\"><strong>\ud83d\udccd B\u00e2le-Ville (BS)&nbsp;<\/strong>&nbsp;<\/h3>\n\n\n\n<ul>\n<li><strong>Vendredi saint :<\/strong> 3 avril&nbsp;<\/li>\n\n\n\n<li><strong>Lundi de P\u00e2ques :<\/strong> 6 avril&nbsp;&nbsp;<\/li>\n\n\n\n<li><strong>F\u00eate du Travail :<\/strong> vendredi 1er mai&nbsp;&nbsp;<\/li>\n\n\n\n<li><strong>Lundi de Pentec\u00f4te :<\/strong> 25 mai&nbsp;<\/li>\n\n\n\n<li><strong>Saint-\u00c9tienne :<\/strong> samedi 26 d\u00e9cembre&nbsp;&nbsp;<\/li>\n<\/ul>\n\n\n\n<h3 class=\"wp-block-heading\"><strong>\ud83c\udde8\ud83c\udded Berne (BE)&nbsp;<\/strong>&nbsp;<\/h3>\n\n\n\n<ul>\n<li><strong>Jour de Berchtold :<\/strong> vendredi 2 janvier<\/li>\n\n\n\n<li><strong>Vendredi saint :<\/strong> 3 avril&nbsp;&nbsp;<\/li>\n\n\n\n<li><strong>Lundi de P\u00e2ques :<\/strong> 6 avril&nbsp;<\/li>\n\n\n\n<li><strong>Lundi de Pentec\u00f4te :<\/strong> 25 mai<\/li>\n\n\n\n<li><strong>Saint-\u00c9tienne :<\/strong> samedi 26 d\u00e9cembre&nbsp;&nbsp;<\/li>\n<\/ul>\n\n\n\n<figure class=\"wp-block-image aligncenter size-large\"><img decoding=\"async\" width=\"1024\" height=\"683\" data-src=\"https:\/\/www.meininger-hotels.com\/blog\/app\/uploads\/2025\/04\/andreas-fischinger-xosBoKRT0qE-unsplash-1024x683.jpg\" alt=\"Jours f\u00e9ri\u00e9s en Suisse : vue pittoresque de Berne avec cath\u00e9drale et toits\n\" class=\"wp-image-40115 lazyload\" data-srcset=\"https:\/\/www.meininger-hotels.com\/blog\/app\/uploads\/2025\/04\/andreas-fischinger-xosBoKRT0qE-unsplash-1024x683.jpg 1024w, https:\/\/www.meininger-hotels.com\/blog\/app\/uploads\/2025\/04\/andreas-fischinger-xosBoKRT0qE-unsplash-300x200.jpg 300w, https:\/\/www.meininger-hotels.com\/blog\/app\/uploads\/2025\/04\/andreas-fischinger-xosBoKRT0qE-unsplash-768x513.jpg 768w, https:\/\/www.meininger-hotels.com\/blog\/app\/uploads\/2025\/04\/andreas-fischinger-xosBoKRT0qE-unsplash-1536x1025.jpg 1536w, https:\/\/www.meininger-hotels.com\/blog\/app\/uploads\/2025\/04\/andreas-fischinger-xosBoKRT0qE-unsplash-2048x1367.jpg 2048w, https:\/\/www.meininger-hotels.com\/blog\/app\/uploads\/2025\/04\/andreas-fischinger-xosBoKRT0qE-unsplash-scaled.jpg 1920w, https:\/\/www.meininger-hotels.com\/blog\/app\/uploads\/2025\/04\/andreas-fischinger-xosBoKRT0qE-unsplash-1440x961.jpg 1440w, https:\/\/www.meininger-hotels.com\/blog\/app\/uploads\/2025\/04\/andreas-fischinger-xosBoKRT0qE-unsplash-1200x801.jpg 1200w, https:\/\/www.meininger-hotels.com\/blog\/app\/uploads\/2025\/04\/andreas-fischinger-xosBoKRT0qE-unsplash-600x400.jpg 600w\" data-sizes=\"(max-width: 1024px) 100vw, 1024px\" src=\"data:image\/svg+xml;base64,PHN2ZyB3aWR0aD0iMSIgaGVpZ2h0PSIxIiB4bWxucz0iaHR0cDovL3d3dy53My5vcmcvMjAwMC9zdmciPjwvc3ZnPg==\" style=\"--smush-placeholder-width: 1024px; --smush-placeholder-aspect-ratio: 1024\/683;\" \/><figcaption class=\"wp-element-caption\">Passez votre prochain jour f\u00e9ri\u00e9 bernois \u00e0 d\u00e9couvrir le charme de la vieille ville et ses monuments UNESCO<\/figcaption><\/figure>\n\n\n\n<h3 class=\"wp-block-heading\"><strong>\ud83d\udccd Fribourg (FR)<\/strong>&nbsp;<\/h3>\n\n\n\n<ul>\n<li><strong>Jour de Berchtold :<\/strong> vendredi 2 janvier<\/li>\n\n\n\n<li><strong>Vendredi saint :<\/strong> vendredi 3 avril<\/li>\n\n\n\n<li><strong>Lundi de P\u00e2ques :<\/strong> lundi 6 avril<\/li>\n\n\n\n<li><strong>Lundi de Pentec\u00f4te :<\/strong> lundi 25 mai<\/li>\n\n\n\n<li><strong>F\u00eate-Dieu :<\/strong> jeudi 4 juin<\/li>\n\n\n\n<li><strong>Assomption :<\/strong> samedi 15 ao\u00fbt<\/li>\n\n\n\n<li><strong>Toussaint :<\/strong> dimanche 1er novembre<\/li>\n\n\n\n<li><strong>Immacul\u00e9e Conception :<\/strong> mardi 8 d\u00e9cembre<\/li>\n\n\n\n<li><strong>Saint-\u00c9tienne :<\/strong> samedi 26 d\u00e9cembre<\/li>\n<\/ul>\n\n\n\n<h3 class=\"wp-block-heading\"><strong>\ud83c\udde8\ud83c\udded Gen\u00e8ve (GE)<\/strong>&nbsp;<\/h3>\n\n\n\n<p>Et nous connaissons justement le meilleur endroit o\u00f9 s\u00e9journer \u00e0 Gen\u00e8ve \ud83d\udc40 Le <strong><a href=\"https:\/\/www.meininger-hotels.com\/en\/hotels\/geneva\/hotel-geneva-center-charmilles\/\" target=\"_blank\" rel=\"noreferrer noopener\">MEININGER Hotel Gen\u00e8ve Centre Charmilles<\/a><\/strong> est la base id\u00e9ale pour explorer cette magnifique ville !&nbsp;&nbsp;<\/p>\n\n\n\n<ul>\n<li><strong>Vendredi saint :<\/strong> vendredi 3 avril<\/li>\n\n\n\n<li><strong>Lundi de P\u00e2ques :<\/strong> lundi 6 avril<\/li>\n\n\n\n<li><strong>Lundi de Pentec\u00f4te :<\/strong> lundi 25 mai<\/li>\n\n\n\n<li><strong>Je\u00fbne genevois :<\/strong> jeudi 10 septembre<\/li>\n\n\n\n<li><strong>Jour de la Restauration :<\/strong> jeudi 31 d\u00e9cembre<\/li>\n<\/ul>\n\n\n\n<p>Pendant votre s\u00e9jour pour les festivit\u00e9s, ne manquez pas de d\u00e9couvrir les coins les plus photog\u00e9niques de la ville \u2014 d\u00e9couvrez les <a href=\"https:\/\/www.meininger-hotels.com\/blog\/en\/best-instagram-spots-geneva\/\" target=\"_blank\" rel=\"noreferrer noopener\"><strong>meilleurs spots Instagram \u00e0 Gen\u00e8ve<\/strong><\/a> !&nbsp;<\/p>\n\n\n\n<h3 class=\"wp-block-heading\"><strong>\ud83d\udccd Glaris (GL)<\/strong>&nbsp;<\/h3>\n\n\n\n<ul>\n<li><strong>Jour de Berchtold :<\/strong> vendredi 2 janvier<\/li>\n\n\n\n<li><strong>N\u00e4felser Fahrt :<\/strong> jeudi 9 avril<\/li>\n\n\n\n<li><strong>Vendredi saint :<\/strong> vendredi 3 avril<\/li>\n\n\n\n<li><strong>Lundi de P\u00e2ques :<\/strong> lundi 6 avril<\/li>\n\n\n\n<li><strong>Lundi de Pentec\u00f4te :<\/strong> lundi 25 mai<\/li>\n\n\n\n<li><strong>Toussaint :<\/strong> dimanche 1er novembre<\/li>\n\n\n\n<li><strong>Veille de No\u00ebl :<\/strong> jeudi 24 d\u00e9cembre<\/li>\n\n\n\n<li><strong>Saint-\u00c9tienne :<\/strong> samedi 26 d\u00e9cembre<\/li>\n\n\n\n<li><strong>Saint-Sylvestre :<\/strong> jeudi 31 d\u00e9cembre<\/li>\n<\/ul>\n\n\n\n<h3 class=\"wp-block-heading\"><strong>\ud83c\udde8\ud83c\udded Grisons (GR)<\/strong>&nbsp;<\/h3>\n\n\n\n<ul>\n<li><strong>\u00c9piphanie :<\/strong> mardi 6 janvier<\/li>\n\n\n\n<li><strong>Vendredi saint :<\/strong> vendredi 3 avril<\/li>\n\n\n\n<li><strong>Lundi de P\u00e2ques :<\/strong> lundi 6 avril<\/li>\n\n\n\n<li><strong>Lundi de Pentec\u00f4te :<\/strong> lundi 25 mai<\/li>\n\n\n\n<li><strong>Immacul\u00e9e Conception :<\/strong> mardi 8 d\u00e9cembre<\/li>\n\n\n\n<li><strong>Saint-\u00c9tienne :<\/strong> samedi 26 d\u00e9cembre<\/li>\n<\/ul>\n\n\n\n<h3 class=\"wp-block-heading\"><strong>\ud83d\udccd Jura (JU)&nbsp;<\/strong>&nbsp;<\/h3>\n\n\n\n<ul>\n<li><strong>Jour de Berchtold :<\/strong> vendredi 2 janvier<\/li>\n\n\n\n<li><strong>Vendredi saint :<\/strong> vendredi 3 avril<\/li>\n\n\n\n<li><strong>Lundi de P\u00e2ques :<\/strong> lundi 6 avril<\/li>\n\n\n\n<li><strong>F\u00eate du Travail :<\/strong> vendredi 1er mai<\/li>\n\n\n\n<li><strong>Lundi de Pentec\u00f4te :<\/strong> lundi 25 mai<\/li>\n\n\n\n<li><strong>F\u00eate-Dieu :<\/strong> jeudi 4 juin<\/li>\n\n\n\n<li><strong>F\u00eate de la R\u00e9publique et Canton du Jura :<\/strong> mardi 23 juin<\/li>\n\n\n\n<li><strong>Assomption :<\/strong> samedi 15 ao\u00fbt<\/li>\n\n\n\n<li><strong>Toussaint :<\/strong> dimanche 1er novembre<\/li>\n<\/ul>\n\n\n\n<h3 class=\"wp-block-heading\"><strong>\ud83c\udde8\ud83c\udded Lucerne (LU)<\/strong>&nbsp;<\/h3>\n\n\n\n<ul>\n<li><strong>Jour de Berchtold :<\/strong> vendredi 2 janvier<\/li>\n\n\n\n<li><strong>\u00c9piphanie :<\/strong> mardi 6 janvier<\/li>\n\n\n\n<li><strong>Vendredi saint :<\/strong> vendredi 3 avril<\/li>\n\n\n\n<li><strong>Lundi de P\u00e2ques :<\/strong> lundi 6 avril<\/li>\n\n\n\n<li><strong>Lundi de Pentec\u00f4te :<\/strong> lundi 25 mai<\/li>\n\n\n\n<li><strong>F\u00eate-Dieu :<\/strong> jeudi 4 juin<\/li>\n\n\n\n<li><strong>Assomption :<\/strong> samedi 15 ao\u00fbt<\/li>\n\n\n\n<li><strong>Toussaint :<\/strong> dimanche 1er novembre<\/li>\n\n\n\n<li><strong>Immacul\u00e9e Conception :<\/strong> mardi 8 d\u00e9cembre<\/li>\n\n\n\n<li><strong>Saint-\u00c9tienne :<\/strong> samedi 26 d\u00e9cembre<\/li>\n<\/ul>\n\n\n\n<h3 class=\"wp-block-heading\"><strong>\ud83d\udccd Neuch\u00e2tel (NE)<\/strong>&nbsp;<\/h3>\n\n\n\n<ul>\n<li><strong>Jour de Berchtold :<\/strong> vendredi 2 janvier<\/li>\n\n\n\n<li><strong>Jour de la R\u00e9publique :<\/strong> dimanche 1er mars<\/li>\n\n\n\n<li><strong>Vendredi saint :<\/strong> vendredi 3 avril<\/li>\n\n\n\n<li><strong>Lundi de P\u00e2ques :<\/strong> lundi 6 avril<\/li>\n\n\n\n<li><strong>F\u00eate du Travail :<\/strong> vendredi 1er mai<\/li>\n\n\n\n<li><strong>Lundi de Pentec\u00f4te :<\/strong> lundi 25 mai<\/li>\n\n\n\n<li><strong>Saint-\u00c9tienne :<\/strong> samedi 26 d\u00e9cembre<\/li>\n<\/ul>\n\n\n\n<h3 class=\"wp-block-heading\"><strong>\ud83c\udde8\ud83c\udded Nidwald (NW)<\/strong>&nbsp;<\/h3>\n\n\n\n<ul>\n<li><strong>Saint-Joseph :<\/strong> jeudi 19 mars<\/li>\n\n\n\n<li><strong>Vendredi saint :<\/strong> vendredi 3 avril<\/li>\n\n\n\n<li><strong>Lundi de P\u00e2ques :<\/strong> lundi 6 avril<\/li>\n\n\n\n<li><strong>Lundi de Pentec\u00f4te :<\/strong> lundi 25 mai<\/li>\n\n\n\n<li><strong>F\u00eate-Dieu :<\/strong> jeudi 4 juin<\/li>\n\n\n\n<li><strong>Assomption :<\/strong> samedi 15 ao\u00fbt<\/li>\n\n\n\n<li><strong>Toussaint :<\/strong> dimanche 1er novembre<\/li>\n\n\n\n<li><strong>Immacul\u00e9e Conception :<\/strong> mardi 8 d\u00e9cembre<\/li>\n\n\n\n<li><strong>Saint-\u00c9tienne :<\/strong> samedi 26 d\u00e9cembre<\/li>\n<\/ul>\n\n\n\n<h3 class=\"wp-block-heading\"><strong>\ud83d\udccd Obwald (OW)<\/strong>&nbsp;<\/h3>\n\n\n\n<ul>\n<li><strong>Jour de Berchtold :<\/strong> vendredi 2 janvier<\/li>\n\n\n\n<li><strong>Vendredi saint :<\/strong> vendredi 3 avril<\/li>\n\n\n\n<li><strong>Lundi de P\u00e2ques :<\/strong> lundi 6 avril<\/li>\n\n\n\n<li><strong>Lundi de Pentec\u00f4te :<\/strong> lundi 25 mai<\/li>\n\n\n\n<li><strong>F\u00eate-Dieu :<\/strong> jeudi 4 juin<\/li>\n\n\n\n<li><strong>Assomption :<\/strong> samedi 15 ao\u00fbt<\/li>\n\n\n\n<li><strong>Saint Nicolas de Fl\u00fce :<\/strong> vendredi 25 septembre<\/li>\n\n\n\n<li><strong>Toussaint :<\/strong> dimanche 1er novembre<\/li>\n\n\n\n<li><strong>Immacul\u00e9e Conception :<\/strong> mardi 8 d\u00e9cembre<\/li>\n\n\n\n<li><strong>Saint-\u00c9tienne :<\/strong> samedi 26 d\u00e9cembre<\/li>\n<\/ul>\n\n\n\n<h3 class=\"wp-block-heading\"><strong>\ud83c\udde8\ud83c\udded Saint-Gall (SG)<\/strong>&nbsp;<\/h3>\n\n\n\n<ul>\n<li><strong>Vendredi saint :<\/strong> vendredi 3 avril<\/li>\n\n\n\n<li><strong>Lundi de P\u00e2ques :<\/strong> lundi 6 avril<\/li>\n\n\n\n<li><strong>Lundi de Pentec\u00f4te :<\/strong> lundi 25 mai<\/li>\n\n\n\n<li><strong>Toussaint :<\/strong> dimanche 1er novembre<\/li>\n\n\n\n<li><strong>Saint-\u00c9tienne :<\/strong> samedi 26 d\u00e9cembre<\/li>\n<\/ul>\n\n\n\n<h3 class=\"wp-block-heading\"><strong>\ud83d\udccd Schaffhouse (SH)<\/strong>&nbsp;<\/h3>\n\n\n\n<ul>\n<li><strong>Jour de Berchtold :<\/strong> vendredi 2 janvier<\/li>\n\n\n\n<li><strong>Vendredi saint :<\/strong> vendredi 3 avril<\/li>\n\n\n\n<li><strong>Lundi de P\u00e2ques :<\/strong> lundi 6 avril<\/li>\n\n\n\n<li><strong>F\u00eate du Travail :<\/strong> vendredi 1er mai<\/li>\n\n\n\n<li><strong>Lundi de Pentec\u00f4te :<\/strong> lundi 25 mai<\/li>\n\n\n\n<li><strong>Saint-\u00c9tienne :<\/strong> samedi 26 d\u00e9cembre<\/li>\n<\/ul>\n\n\n\n<h3 class=\"wp-block-heading\"><strong>\ud83c\udde8\ud83c\udded Schwyz (SZ)<\/strong>&nbsp;<\/h3>\n\n\n\n<ul>\n<li><strong>\u00c9piphanie :<\/strong> mardi 6 janvier<\/li>\n\n\n\n<li><strong>Saint-Joseph :<\/strong> jeudi 19 mars<\/li>\n\n\n\n<li><strong>Vendredi saint :<\/strong> vendredi 3 avril<\/li>\n\n\n\n<li><strong>Lundi de P\u00e2ques :<\/strong> lundi 6 avril<\/li>\n\n\n\n<li><strong>Lundi de Pentec\u00f4te :<\/strong> lundi 25 mai<\/li>\n\n\n\n<li><strong>F\u00eate-Dieu :<\/strong> jeudi 4 juin<\/li>\n\n\n\n<li><strong>Assomption :<\/strong> samedi 15 ao\u00fbt<\/li>\n\n\n\n<li><strong>Toussaint :<\/strong> dimanche 1er novembre<\/li>\n\n\n\n<li><strong>Immacul\u00e9e Conception :<\/strong> mardi 8 d\u00e9cembre<\/li>\n\n\n\n<li><strong>Saint-\u00c9tienne :<\/strong> samedi 26 d\u00e9cembre<\/li>\n<\/ul>\n\n\n\n<h3 class=\"wp-block-heading\"><strong>\ud83d\udccd Soleure (SO)<\/strong>&nbsp;<\/h3>\n\n\n\n<ul>\n<li><strong>Jour de Berchtold :<\/strong> vendredi 2 janvier<\/li>\n\n\n\n<li><strong>Saint-Joseph :<\/strong> jeudi 19 mars<\/li>\n\n\n\n<li><strong>Vendredi saint :<\/strong> vendredi 3 avril<\/li>\n\n\n\n<li><strong>Lundi de P\u00e2ques :<\/strong> lundi 6 avril<\/li>\n\n\n\n<li><strong>F\u00eate du Travail :<\/strong> vendredi 1er mai<\/li>\n\n\n\n<li><strong>Lundi de Pentec\u00f4te :<\/strong> lundi 25 mai<\/li>\n\n\n\n<li><strong>F\u00eate-Dieu :<\/strong> jeudi 4 juin<\/li>\n\n\n\n<li><strong>Assomption :<\/strong> samedi 15 ao\u00fbt<\/li>\n\n\n\n<li><strong>Toussaint :<\/strong> dimanche 1er novembre<\/li>\n\n\n\n<li><strong>Saint-\u00c9tienne :<\/strong> samedi 26 d\u00e9cembre<\/li>\n<\/ul>\n\n\n\n<h3 class=\"wp-block-heading\"><strong>\ud83c\udde8\ud83c\udded Thurgovie (TG)<\/strong>&nbsp;<\/h3>\n\n\n\n<ul>\n<li><strong>Jour de Berchtold :<\/strong> vendredi 2 janvier<\/li>\n\n\n\n<li><strong>Vendredi saint :<\/strong> vendredi 3 avril<\/li>\n\n\n\n<li><strong>Lundi de P\u00e2ques :<\/strong> lundi 6 avril<\/li>\n\n\n\n<li><strong>F\u00eate du Travail :<\/strong> vendredi 1er mai<\/li>\n\n\n\n<li><strong>Lundi de Pentec\u00f4te :<\/strong> lundi 25 mai<\/li>\n\n\n\n<li><strong>Saint-\u00c9tienne :<\/strong> samedi 26 d\u00e9cembre<\/li>\n<\/ul>\n\n\n\n<h3 class=\"wp-block-heading\"><strong>\ud83d\udccd Tessin (TI)<\/strong>&nbsp;<\/h3>\n\n\n\n<ul>\n<li><strong>\u00c9piphanie :<\/strong> mardi 6 janvier<\/li>\n\n\n\n<li><strong>Saint-Joseph :<\/strong> jeudi 19 mars<\/li>\n\n\n\n<li><strong>Lundi de P\u00e2ques :<\/strong> lundi 6 avril<\/li>\n\n\n\n<li><strong>F\u00eate du Travail :<\/strong> vendredi 1er mai<\/li>\n\n\n\n<li><strong>Lundi de Pentec\u00f4te :<\/strong> lundi 25 mai<\/li>\n\n\n\n<li><strong>F\u00eate-Dieu :<\/strong> jeudi 4 juin<\/li>\n\n\n\n<li><strong>Saints Pierre et Paul :<\/strong> lundi 29 juin<\/li>\n\n\n\n<li><strong>Assomption :<\/strong> samedi 15 ao\u00fbt<\/li>\n\n\n\n<li><strong>Toussaint :<\/strong> dimanche 1er novembre<\/li>\n\n\n\n<li><strong>Immacul\u00e9e Conception :<\/strong> mardi 8 d\u00e9cembre<\/li>\n\n\n\n<li><strong>Saint-\u00c9tienne :<\/strong> samedi 26 d\u00e9cembre<\/li>\n<\/ul>\n\n\n\n<figure class=\"wp-block-image aligncenter size-large\"><img decoding=\"async\" width=\"1024\" height=\"683\" data-src=\"https:\/\/www.meininger-hotels.com\/blog\/app\/uploads\/2025\/04\/boris-baldinger-IGGj1siFqDc-unsplash-1024x683.jpg\" alt=\"Jours f\u00e9ri\u00e9s en Suisse : lacs alpins et montagnes dans la r\u00e9gion du Tessin\n\" class=\"wp-image-40121 lazyload\" data-srcset=\"https:\/\/www.meininger-hotels.com\/blog\/app\/uploads\/2025\/04\/boris-baldinger-IGGj1siFqDc-unsplash-1024x683.jpg 1024w, https:\/\/www.meininger-hotels.com\/blog\/app\/uploads\/2025\/04\/boris-baldinger-IGGj1siFqDc-unsplash-300x200.jpg 300w, https:\/\/www.meininger-hotels.com\/blog\/app\/uploads\/2025\/04\/boris-baldinger-IGGj1siFqDc-unsplash-768x512.jpg 768w, https:\/\/www.meininger-hotels.com\/blog\/app\/uploads\/2025\/04\/boris-baldinger-IGGj1siFqDc-unsplash-1536x1024.jpg 1536w, https:\/\/www.meininger-hotels.com\/blog\/app\/uploads\/2025\/04\/boris-baldinger-IGGj1siFqDc-unsplash-2048x1365.jpg 2048w, https:\/\/www.meininger-hotels.com\/blog\/app\/uploads\/2025\/04\/boris-baldinger-IGGj1siFqDc-unsplash-scaled.jpg 1920w, https:\/\/www.meininger-hotels.com\/blog\/app\/uploads\/2025\/04\/boris-baldinger-IGGj1siFqDc-unsplash-1440x960.jpg 1440w, https:\/\/www.meininger-hotels.com\/blog\/app\/uploads\/2025\/04\/boris-baldinger-IGGj1siFqDc-unsplash-1200x800.jpg 1200w, https:\/\/www.meininger-hotels.com\/blog\/app\/uploads\/2025\/04\/boris-baldinger-IGGj1siFqDc-unsplash-600x400.jpg 600w\" data-sizes=\"(max-width: 1024px) 100vw, 1024px\" src=\"data:image\/svg+xml;base64,PHN2ZyB3aWR0aD0iMSIgaGVpZ2h0PSIxIiB4bWxucz0iaHR0cDovL3d3dy53My5vcmcvMjAwMC9zdmciPjwvc3ZnPg==\" style=\"--smush-placeholder-width: 1024px; --smush-placeholder-aspect-ratio: 1024\/683;\" \/><figcaption class=\"wp-element-caption\">C\u00e9l\u00e9brez les jours f\u00e9ri\u00e9s tessinois par une balade paisible autour des lacs alpins et des vall\u00e9es<\/figcaption><\/figure>\n\n\n\n<h3 class=\"wp-block-heading\"><strong>\ud83c\udde8\ud83c\udded Uri (UR)<\/strong>&nbsp;<\/h3>\n\n\n\n<ul>\n<li><strong>\u00c9piphanie :<\/strong> mardi 6 janvier<\/li>\n\n\n\n<li><strong>Vendredi saint :<\/strong> vendredi 3 avril<\/li>\n\n\n\n<li><strong>Lundi de P\u00e2ques :<\/strong> lundi 6 avril<\/li>\n\n\n\n<li><strong>Lundi de Pentec\u00f4te :<\/strong> lundi 25 mai<\/li>\n\n\n\n<li><strong>F\u00eate-Dieu :<\/strong> jeudi 4 juin<\/li>\n\n\n\n<li><strong>Assomption :<\/strong> samedi 15 ao\u00fbt<\/li>\n\n\n\n<li><strong>Toussaint :<\/strong> dimanche 1er novembre<\/li>\n\n\n\n<li><strong>Immacul\u00e9e Conception :<\/strong> mardi 8 d\u00e9cembre<\/li>\n\n\n\n<li><strong>Saint-\u00c9tienne :<\/strong> samedi 26 d\u00e9cembre<\/li>\n<\/ul>\n\n\n\n<h3 class=\"wp-block-heading\"><strong>\ud83d\udccd Valais (VS)<\/strong>&nbsp;<\/h3>\n\n\n\n<ul>\n<li><strong>Saint-Joseph :<\/strong> jeudi 19 mars<\/li>\n\n\n\n<li><strong>F\u00eate-Dieu :<\/strong> jeudi 4 juin<\/li>\n\n\n\n<li><strong>Assomption :<\/strong> samedi 15 ao\u00fbt<\/li>\n\n\n\n<li><strong>Toussaint :<\/strong> dimanche 1er novembre<\/li>\n\n\n\n<li><strong>Immacul\u00e9e Conception :<\/strong> mardi 8 d\u00e9cembre<\/li>\n<\/ul>\n\n\n\n<h3 class=\"wp-block-heading\"><strong>\ud83c\udde8\ud83c\udded Vaud (VD)<\/strong>&nbsp;<\/h3>\n\n\n\n<ul>\n<li><strong>Jour de Berchtold :<\/strong> vendredi 2 janvier<\/li>\n\n\n\n<li><strong>Vendredi saint :<\/strong> vendredi 3 avril<\/li>\n\n\n\n<li><strong>Lundi de P\u00e2ques :<\/strong> lundi 6 avril<\/li>\n\n\n\n<li><strong>Lundi de Pentec\u00f4te :<\/strong> lundi 25 mai<\/li>\n\n\n\n<li><strong>Lundi du Je\u00fbne f\u00e9d\u00e9ral :<\/strong> lundi 21 septembre<\/li>\n<\/ul>\n\n\n\n<h3 class=\"wp-block-heading\"><strong>\ud83d\udccd Zoug (ZG)<\/strong>&nbsp;<\/h3>\n\n\n\n<ul>\n<li><strong>Jour de Berchtold :<\/strong> vendredi 2 janvier<\/li>\n\n\n\n<li><strong>Vendredi saint :<\/strong> vendredi 3 avril<\/li>\n\n\n\n<li><strong>Lundi de P\u00e2ques :<\/strong> lundi 6 avril<\/li>\n\n\n\n<li><strong>Lundi de Pentec\u00f4te :<\/strong> lundi 25 mai<\/li>\n\n\n\n<li><strong>F\u00eate-Dieu :<\/strong> jeudi 4 juin<\/li>\n\n\n\n<li><strong>Assomption :<\/strong> samedi 15 ao\u00fbt<\/li>\n\n\n\n<li><strong>Toussaint :<\/strong> dimanche 1er novembre<\/li>\n\n\n\n<li><strong>Immacul\u00e9e Conception :<\/strong> mardi 8 d\u00e9cembre<\/li>\n\n\n\n<li><strong>Saint-\u00c9tienne :<\/strong> samedi 26 d\u00e9cembre<\/li>\n<\/ul>\n\n\n\n<h3 class=\"wp-block-heading\"><strong>\ud83c\udde8\ud83c\udded Zurich (ZH)<\/strong>&nbsp;<\/h3>\n\n\n\n<p>Vous cherchez encore un h\u00f4tel \u00e0 Zurich ? Le <strong><a href=\"https:\/\/www.meininger-hotels.com\/en\/hotels\/zurich\/hotel-zurich-greencity\/\" target=\"_blank\" rel=\"noreferrer noopener\">MEININGER Hotel Z\u00fcrich Greencity<\/a><\/strong> vous accueille 24h\/24 et 7j\/7.<\/p>\n\n\n\n<ul>\n<li><strong>Jour de Berchtold :<\/strong> vendredi 2 janvier<\/li>\n\n\n\n<li><strong>Vendredi saint :<\/strong> vendredi 3 avril<\/li>\n\n\n\n<li><strong>Lundi de P\u00e2ques :<\/strong> lundi 6 avril<\/li>\n\n\n\n<li><strong>F\u00eate du Travail :<\/strong> vendredi 1er mai<\/li>\n\n\n\n<li><strong>Lundi de Pentec\u00f4te :<\/strong> lundi 25 mai<\/li>\n\n\n\n<li><strong>Saint-\u00c9tienne :<\/strong> samedi 26 d\u00e9cembre<\/li>\n<\/ul>\n\n\n\n<h3 class=\"wp-block-heading\"><strong>En r\u00e9sum\u00e9&#8230; \u270d\ufe0f<\/strong>&nbsp;<\/h3>\n\n\n\n<p>Que vous planifiiez une escapade hivernale, une randonn\u00e9e printani\u00e8re dans les Alpes ou un <strong><a href=\"https:\/\/www.myswitzerland.com\/en-in\/experiences\/winter\/christmas\/\" target=\"_blank\" rel=\"noreferrer noopener nofollow\">No\u00ebl en Suisse<\/a><\/strong>, conna\u00eetre les jours f\u00e9ri\u00e9s vous aidera \u00e0 profiter au maximum de votre s\u00e9jour.&nbsp;&nbsp;<\/p>\n\n\n\n<p><strong><em>Conseil MEININGER<\/em> :<\/strong> comme les jours f\u00e9ri\u00e9s en Suisse varient selon les cantons, v\u00e9rifiez toujours les calendriers locaux avant de r\u00e9server pour \u00e9viter les mauvaises surprises.&nbsp;&nbsp;<\/p>\n\n\n\n<p>Vous planifiez une escapade transfrontali\u00e8re ? Consultez les <a href=\"https:\/\/www.meininger-hotels.com\/blog\/en\/bank-holidays-in-austria\/\" target=\"_blank\" rel=\"noreferrer noopener\"><strong>jours f\u00e9ri\u00e9s en Autriche<\/strong><\/a> pour voir comment ils s&#8217;alignent avec ceux de la Suisse et tirer le meilleur parti de vos jours de cong\u00e9 !\u00a0<\/p>\n\n\n\n<figure class=\"wp-block-pullquote\"><blockquote><p>\ud83d\udece\ufe0f&nbsp;<strong>O\u00f9 s\u00e9journer en Suisse ?<\/strong><\/p><cite>R\u00e9servez votre s\u00e9jour au&nbsp;<strong><a href=\"https:\/\/www.meininger-hotels.com\/en\/hotels\/zurich\/hotel-zurich-greencity\/\" target=\"_blank\" rel=\"noreferrer noopener\">MEININGER Hotel Z\u00fcrich Greencity<\/a><\/strong> ou au <strong><a href=\"https:\/\/www.meininger-hotels.com\/en\/hotels\/geneva\/hotel-geneva-center-charmilles\/\" target=\"_blank\" rel=\"noreferrer noopener\">MEININGER Gen\u00e8ve Centre Charmilles<\/a><\/strong> \u2014 confortables, bien situ\u00e9s, parfaits pour explorer le meilleur de la Suisse, m\u00eame pendant les jours f\u00e9ri\u00e9s ! Que vous partiez \u00e0 la conqu\u00eate des sommets enneig\u00e9s, que vous planifiiez une pause citadine au printemps ou que vous viviez la vie suisse toute l&#8217;ann\u00e9e, ce guide des jours f\u00e9ri\u00e9s est votre compagnon id\u00e9al. Enregistrez-le et remerciez-nous plus tard.<br><br>\ud83c\udde8\ud83c\udded\ud83d\udcc5 \ud83c\udf8a&nbsp;&nbsp;<br><br><em><strong><a href=\"https:\/\/www.meininger-hotels.com\/en\/hotels\/zurich\/hotel-zurich-greencity\/\" target=\"_blank\" rel=\"noreferrer noopener\">MEININGER Hotel Z\u00fcrich Greencity<\/a><\/strong> : Maneggstrasse 41, 8041 Z\u00fcrich, Suisse<\/em><br><strong><a href=\"https:\/\/www.meininger-hotels.com\/en\/hotels\/geneva\/hotel-geneva-center-charmilles\/\" target=\"_blank\" rel=\"noreferrer noopener\">MEININGER Gen\u00e8ve Centre Charmilles<\/a><\/strong> : 118 rue de Lyon, 1203 Gen\u00e8ve, Suisse<br><br><strong><a href=\"https:\/\/book.meininger-hotels.com\/reservations\" target=\"_blank\" rel=\"noreferrer noopener\">V\u00c9RIFIER LES DISPONIBILIT\u00c9S<\/a><\/strong><\/cite><\/blockquote><\/figure>\n\n\n\n<figure class=\"wp-block-gallery has-nested-images columns-default is-cropped wp-block-gallery-1 is-layout-flex wp-block-gallery-is-layout-flex\">\n<figure class=\"wp-block-image size-large\"><img decoding=\"async\" width=\"1024\" height=\"683\" data-id=\"40129\" data-src=\"https:\/\/www.meininger-hotels.com\/blog\/app\/uploads\/2025\/04\/51222287891_0f5b254199_o-1024x683.jpg\" alt=\"MEININGER Hotel Z\u00fcrich Greencity : chambre double avec d\u00e9coration murale\" class=\"wp-image-40129 lazyload\" data-srcset=\"https:\/\/www.meininger-hotels.com\/blog\/app\/uploads\/2025\/04\/51222287891_0f5b254199_o-1024x683.jpg 1024w, https:\/\/www.meininger-hotels.com\/blog\/app\/uploads\/2025\/04\/51222287891_0f5b254199_o-300x200.jpg 300w, https:\/\/www.meininger-hotels.com\/blog\/app\/uploads\/2025\/04\/51222287891_0f5b254199_o-768x512.jpg 768w, https:\/\/www.meininger-hotels.com\/blog\/app\/uploads\/2025\/04\/51222287891_0f5b254199_o-1536x1024.jpg 1536w, https:\/\/www.meininger-hotels.com\/blog\/app\/uploads\/2025\/04\/51222287891_0f5b254199_o-2048x1365.jpg 2048w, https:\/\/www.meininger-hotels.com\/blog\/app\/uploads\/2025\/04\/51222287891_0f5b254199_o-scaled.jpg 1920w, https:\/\/www.meininger-hotels.com\/blog\/app\/uploads\/2025\/04\/51222287891_0f5b254199_o-1440x960.jpg 1440w, https:\/\/www.meininger-hotels.com\/blog\/app\/uploads\/2025\/04\/51222287891_0f5b254199_o-1200x800.jpg 1200w, https:\/\/www.meininger-hotels.com\/blog\/app\/uploads\/2025\/04\/51222287891_0f5b254199_o-600x400.jpg 600w\" data-sizes=\"(max-width: 1024px) 100vw, 1024px\" src=\"data:image\/svg+xml;base64,PHN2ZyB3aWR0aD0iMSIgaGVpZ2h0PSIxIiB4bWxucz0iaHR0cDovL3d3dy53My5vcmcvMjAwMC9zdmciPjwvc3ZnPg==\" style=\"--smush-placeholder-width: 1024px; --smush-placeholder-aspect-ratio: 1024\/683;\" \/><figcaption class=\"wp-element-caption\">Chambre priv\u00e9e<\/figcaption><\/figure>\n\n\n\n<figure class=\"wp-block-image size-large\"><img decoding=\"async\" width=\"1024\" height=\"683\" data-id=\"40127\" data-src=\"https:\/\/www.meininger-hotels.com\/blog\/app\/uploads\/2025\/04\/51221583597_e44b000fbd_o-1024x683.jpg\" alt=\"MEININGER Hotel Z\u00fcrich Greencity : lits jumeaux et lits superpos\u00e9s, mobilier en bois\" class=\"wp-image-40127 lazyload\" data-srcset=\"https:\/\/www.meininger-hotels.com\/blog\/app\/uploads\/2025\/04\/51221583597_e44b000fbd_o-1024x683.jpg 1024w, https:\/\/www.meininger-hotels.com\/blog\/app\/uploads\/2025\/04\/51221583597_e44b000fbd_o-300x200.jpg 300w, https:\/\/www.meininger-hotels.com\/blog\/app\/uploads\/2025\/04\/51221583597_e44b000fbd_o-768x512.jpg 768w, https:\/\/www.meininger-hotels.com\/blog\/app\/uploads\/2025\/04\/51221583597_e44b000fbd_o-1536x1024.jpg 1536w, https:\/\/www.meininger-hotels.com\/blog\/app\/uploads\/2025\/04\/51221583597_e44b000fbd_o-2048x1365.jpg 2048w, https:\/\/www.meininger-hotels.com\/blog\/app\/uploads\/2025\/04\/51221583597_e44b000fbd_o-scaled.jpg 1920w, https:\/\/www.meininger-hotels.com\/blog\/app\/uploads\/2025\/04\/51221583597_e44b000fbd_o-1440x960.jpg 1440w, https:\/\/www.meininger-hotels.com\/blog\/app\/uploads\/2025\/04\/51221583597_e44b000fbd_o-1200x800.jpg 1200w, https:\/\/www.meininger-hotels.com\/blog\/app\/uploads\/2025\/04\/51221583597_e44b000fbd_o-600x400.jpg 600w\" data-sizes=\"(max-width: 1024px) 100vw, 1024px\" src=\"data:image\/svg+xml;base64,PHN2ZyB3aWR0aD0iMSIgaGVpZ2h0PSIxIiB4bWxucz0iaHR0cDovL3d3dy53My5vcmcvMjAwMC9zdmciPjwvc3ZnPg==\" style=\"--smush-placeholder-width: 1024px; --smush-placeholder-aspect-ratio: 1024\/683;\" \/><figcaption class=\"wp-element-caption\">Chambre partag\u00e9e<\/figcaption><\/figure>\n\n\n\n<figure class=\"wp-block-image size-large\"><img decoding=\"async\" width=\"1024\" height=\"683\" data-id=\"40133\" data-src=\"https:\/\/www.meininger-hotels.com\/blog\/app\/uploads\/2025\/04\/51222286606_bf4816f676_o-1024x683.jpg\" alt=\"MEININGER Hotel Z\u00fcrich Greencity : salon avec tables, chaises et d\u00e9tails en bois\" class=\"wp-image-40133 lazyload\" data-srcset=\"https:\/\/www.meininger-hotels.com\/blog\/app\/uploads\/2025\/04\/51222286606_bf4816f676_o-1024x683.jpg 1024w, https:\/\/www.meininger-hotels.com\/blog\/app\/uploads\/2025\/04\/51222286606_bf4816f676_o-300x200.jpg 300w, https:\/\/www.meininger-hotels.com\/blog\/app\/uploads\/2025\/04\/51222286606_bf4816f676_o-768x512.jpg 768w, https:\/\/www.meininger-hotels.com\/blog\/app\/uploads\/2025\/04\/51222286606_bf4816f676_o-1536x1024.jpg 1536w, https:\/\/www.meininger-hotels.com\/blog\/app\/uploads\/2025\/04\/51222286606_bf4816f676_o-2048x1365.jpg 2048w, https:\/\/www.meininger-hotels.com\/blog\/app\/uploads\/2025\/04\/51222286606_bf4816f676_o-scaled.jpg 1920w, https:\/\/www.meininger-hotels.com\/blog\/app\/uploads\/2025\/04\/51222286606_bf4816f676_o-1440x960.jpg 1440w, https:\/\/www.meininger-hotels.com\/blog\/app\/uploads\/2025\/04\/51222286606_bf4816f676_o-1200x800.jpg 1200w, https:\/\/www.meininger-hotels.com\/blog\/app\/uploads\/2025\/04\/51222286606_bf4816f676_o-600x400.jpg 600w\" data-sizes=\"(max-width: 1024px) 100vw, 1024px\" src=\"data:image\/svg+xml;base64,PHN2ZyB3aWR0aD0iMSIgaGVpZ2h0PSIxIiB4bWxucz0iaHR0cDovL3d3dy53My5vcmcvMjAwMC9zdmciPjwvc3ZnPg==\" style=\"--smush-placeholder-width: 1024px; --smush-placeholder-aspect-ratio: 1024\/683;\" \/><figcaption class=\"wp-element-caption\">Salon<\/figcaption><\/figure>\n<\/figure>\n\n\n\n<div style=\"height:100px\" aria-hidden=\"true\" class=\"wp-block-spacer\"><\/div>\n\n\n\n\t\t<div class=\"wp-faq-schema-wrap wp-faq-schema-accordion\">\n\t\t\t\t\t\t\t<h2>Jours f\u00e9ri\u00e9s en Suisse 2026 : FAQ<\/h2>\n\t\t\t\t\t\t<ul class=\"wp-faq-schema-items\">\n\t\t\t\t\t\t\t\t<li role=\"none\" style=\"margin:0px;\">\n\t\t\t\t\t<h3>Combien de jours f\u00e9ri\u00e9s nationaux y a-t-il en Suisse en 2026 ?<\/h3>\n\t\t\t\t\t<div>\n\t\t\t\t\t\t<p>La Suisse compte quatre jours f\u00e9ri\u00e9s nationaux observ\u00e9s dans les 26 cantons en 2026 : le Jour de l'An (1er janvier), l'Ascension (14 mai), la F\u00eate nationale suisse (1er ao\u00fbt) et No\u00ebl (25 d\u00e9cembre).<\/p>\n\t\t\t\t\t<\/div>\n\t\t\t\t<\/li>\n\t\t\t\t\t\t\t\t<li role=\"none\" style=\"margin:0px;\">\n\t\t\t\t\t<h3>Les commerces et services sont-ils ferm\u00e9s pendant les jours f\u00e9ri\u00e9s en Suisse ?<\/h3>\n\t\t\t\t\t<div>\n\t\t\t\t\t\t<p>La plupart des commerces, supermarch\u00e9s et services publics sont ferm\u00e9s les jours f\u00e9ri\u00e9s en Suisse, surtout lors des f\u00eates nationales et des grandes c\u00e9l\u00e9brations r\u00e9gionales comme No\u00ebl et P\u00e2ques.<\/p>\n\t\t\t\t\t<\/div>\n\t\t\t\t<\/li>\n\t\t\t\t\t\t\t\t<li role=\"none\" style=\"margin:0px;\">\n\t\t\t\t\t<h3>No\u00ebl est-il un jour f\u00e9ri\u00e9 dans toute la Suisse ?<\/h3>\n\t\t\t\t\t<div>\n\t\t\t\t\t\t<p>Oui, No\u00ebl en Suisse \u2014 c\u00e9l\u00e9br\u00e9 le 25 d\u00e9cembre \u2014 est un jour f\u00e9ri\u00e9 dans tous les cantons. Beaucoup de cantons observent \u00e9galement la Saint-\u00c9tienne (26 d\u00e9cembre) comme jour de cong\u00e9 suppl\u00e9mentaire.<\/p>\n\t\t\t\t\t<\/div>\n\t\t\t\t<\/li>\n\t\t\t\t\t\t\t\t<li role=\"none\" style=\"margin:0px;\">\n\t\t\t\t\t<h3>Existe-t-il des f\u00eates propres \u00e0 certains cantons ?<\/h3>\n\t\t\t\t\t<div>\n\t\t\t\t\t\t<p>Absolument ! Des cantons comme Gen\u00e8ve ont le Je\u00fbne Genevois (10 septembre), tandis que Glaris c\u00e9l\u00e8bre la Fahrt de N\u00e4fels (9 avril). Ces jours f\u00e9ri\u00e9s en Suisse ne sont pas observ\u00e9s \u00e0 l'\u00e9chelle nationale.<\/p>\n\t\t\t\t\t<\/div>\n\t\t\t\t<\/li>\n\t\t\t\t\t\t\t\t<li role=\"none\" style=\"margin:0px;\">\n\t\t\t\t\t<h3>Quels cantons comptent le plus de jours f\u00e9ri\u00e9s en Suisse ?<\/h3>\n\t\t\t\t\t<div>\n\t\t\t\t\t\t<p>Des cantons comme le Valais, le Jura et Lucerne observent g\u00e9n\u00e9ralement davantage de jours f\u00e9ri\u00e9s suisses, incluant \u00e0 la fois les f\u00eates catholiques et les c\u00e9l\u00e9brations nationales.<\/p>\n\t\t\t\t\t<\/div>\n\t\t\t\t<\/li>\n\t\t\t\t\t\t\t\t<li role=\"none\" style=\"margin:0px;\">\n\t\t\t\t\t<h3>Quand tombe la F\u00eate nationale suisse en 2026 et est-ce un jour ch\u00f4m\u00e9 ?<\/h3>\n\t\t\t\t\t<div>\n\t\t\t\t\t\t<p>La F\u00eate nationale suisse tombe le samedi 1er ao\u00fbt 2026. C'est un jour f\u00e9ri\u00e9 observ\u00e9 par tous les cantons, et la plupart des entreprises et services publics seront ferm\u00e9s.<\/p>\n\t\t\t\t\t<\/div>\n\t\t\t\t<\/li>\n\t\t\t\t\t\t\t\t<li role=\"none\" style=\"margin:0px;\">\n\t\t\t\t\t<h3>Les jours f\u00e9ri\u00e9s sont-ils de bonnes p\u00e9riodes pour voyager en Suisse ?<\/h3>\n\t\t\t\t\t<div>\n\t\t\t\t\t\t<p>Oui et non ! Les jours f\u00e9ri\u00e9s en Suisse peuvent offrir de belles exp\u00e9riences culturelles, mais certains sites ou commerces peuvent \u00eatre ferm\u00e9s. Mieux vaut planifier \u00e0 l'avance, surtout autour des grandes f\u00eates comme P\u00e2ques ou No\u00ebl.<\/p>\n\t\t\t\t\t<\/div>\n\t\t\t\t<\/li>\n\t\t\t\t\t\t\t\t<li role=\"none\" style=\"margin:0px;\">\n\t\t\t\t\t<h3>Tous les cantons observent-ils le 1er mai comme jour f\u00e9ri\u00e9 ?<\/h3>\n\t\t\t\t\t<div>\n\t\t\t\t\t\t<p>Non, la F\u00eate du Travail (1er mai) n'est pas un jour f\u00e9ri\u00e9 universel en Suisse. Elle est observ\u00e9e dans certains cantons comme Zurich, B\u00e2le et Neuch\u00e2tel, mais pas dans d'autres comme Lucerne ou Uri.<\/p>\n\t\t\t\t\t<\/div>\n\t\t\t\t<\/li>\n\t\t\t\t\t\t\t\t<li role=\"none\" style=\"margin:0px;\">\n\t\t\t\t\t<h3>O\u00f9 s\u00e9journer pendant les jours f\u00e9ri\u00e9s en Suisse ?<\/h3>\n\t\t\t\t\t<div>\n\t\t\t\t\t\t<p>Si vous voyagez lors d'un week-end prolong\u00e9, pensez \u00e0 r\u00e9server un s\u00e9jour chez MEININGER Hotels \u2014 nous proposons un h\u00e9bergement central, propre et abordable dans les grandes villes suisses comme Zurich et Gen\u00e8ve, pour profiter de vos jours f\u00e9ri\u00e9s en toute s\u00e9r\u00e9nit\u00e9.<\/p>\n\t\t\t\t\t<\/div>\n\t\t\t\t<\/li>\n\t\t\t\t\t\t\t<\/ul>\n\t\t<\/div>\n\t\t\n","protected":false},"excerpt":{"rendered":"<p>D\u00e9couvrez les jours f\u00e9ri\u00e9s en Suisse 2026, canton par canton. Planifiez votre voyage avec ce guide complet des f\u00eates nationales et r\u00e9gionales.<\/p>\n","protected":false},"author":99,"featured_media":40141,"comment_status":"closed","ping_status":"closed","sticky":false,"template":"","format":"standard","meta":{"_acf_changed":false,"loftocean_post_format_gallery":"","loftocean_post_format_gallery_ids":"","loftocean_post_format_gallery_urls":"","loftocean_post_format_video_id":0,"loftocean_post_format_video_url":"","loftocean_post_format_video_type":"","loftocean_post_format_video":"","loftocean_post_format_audio_type":"","loftocean_post_format_audio_url":"","loftocean_post_format_audio_id":0,"loftocean_post_format_audio":"","loftocean-featured-post":"","loftocean-like-count":0,"loftocean-view-count":29,"loftocean-enable-content-navigation":"","loftocean-content-navigation-position":"","loftocean-content-navigation-heading":"","loftocean-content-navigation-label":"","loftocean-content-navigation-icon":"","loftocean-map-location":"","loftocean-map-latlng":"","loftocean-map-auto-latlng":"","eaven_single_post_hide_thumbnail":"","eaven_single_post_template":"","eaven_single_post_sidebar":"","eaven_hide_before_page_content_ad":"","eaven_hide_after_page_content_ad":"","eaven_advanced_classname":"","footnotes":""},"categories":[1435,1578,1422,1433,1434],"tags":[],"acf":[],"yoast_head":"<!-- This site is optimized with the Yoast SEO plugin v23.0 - https:\/\/yoast.com\/wordpress\/plugins\/seo\/ -->\n<title>Jours f\u00e9ri\u00e9s en Suisse 2026 | MEININGER Hotels<\/title>\n<meta name=\"description\" content=\"D\u00e9couvrez les jours f\u00e9ri\u00e9s en Suisse 2026, canton par canton. Planifiez votre voyage avec ce guide complet des f\u00eates nationales et r\u00e9gionales.\" \/>\n<meta name=\"robots\" content=\"index, follow, max-snippet:-1, max-image-preview:large, max-video-preview:-1\" \/>\n<link rel=\"canonical\" href=\"https:\/\/www.meininger-hotels.com\/blog\/fr\/jours-feries-suisse-2026\/\" \/>\n<meta property=\"og:locale\" content=\"fr_FR\" \/>\n<meta property=\"og:type\" content=\"article\" \/>\n<meta property=\"og:title\" content=\"Jours f\u00e9ri\u00e9s en Suisse 2026 | MEININGER Hotels\" \/>\n<meta property=\"og:description\" content=\"D\u00e9couvrez les jours f\u00e9ri\u00e9s en Suisse 2026, canton par canton. Planifiez votre voyage avec ce guide complet des f\u00eates nationales et r\u00e9gionales.\" \/>\n<meta property=\"og:url\" content=\"https:\/\/www.meininger-hotels.com\/blog\/fr\/jours-feries-suisse-2026\/\" \/>\n<meta property=\"og:site_name\" content=\"MEININGER Hotels\" \/>\n<meta property=\"article:published_time\" content=\"2026-04-28T14:45:52+00:00\" \/>\n<meta property=\"article:modified_time\" content=\"2026-04-28T14:46:06+00:00\" \/>\n<meta property=\"og:image\" content=\"https:\/\/www.meininger-hotels.com\/blog\/app\/uploads\/2025\/04\/ahmed-ZYL4TAdZFC4-unsplash-scaled.jpg\" \/>\n\t<meta property=\"og:image:width\" content=\"1920\" \/>\n\t<meta property=\"og:image:height\" content=\"1280\" \/>\n\t<meta property=\"og:image:type\" content=\"image\/jpeg\" \/>\n<meta name=\"author\" content=\"MEININGER\" \/>\n<meta name=\"twitter:card\" content=\"summary_large_image\" \/>\n<meta name=\"twitter:label1\" content=\"Written by\" \/>\n\t<meta name=\"twitter:data1\" content=\"MEININGER\" \/>\n\t<meta name=\"twitter:label2\" content=\"Est. reading time\" \/>\n\t<meta name=\"twitter:data2\" content=\"8 minutes\" \/>\n<script type=\"application\/ld+json\" class=\"yoast-schema-graph\">{\"@context\":\"https:\/\/schema.org\",\"@graph\":[{\"@type\":\"Article\",\"@id\":\"https:\/\/www.meininger-hotels.com\/blog\/fr\/jours-feries-suisse-2026\/#article\",\"isPartOf\":{\"@id\":\"https:\/\/www.meininger-hotels.com\/blog\/fr\/jours-feries-suisse-2026\/\"},\"author\":{\"name\":\"MEININGER\",\"@id\":\"https:\/\/www.meininger-hotels.com\/blog\/fr\/#\/schema\/person\/882b525349c77fb74a786818b5aaa5fb\"},\"headline\":\"Jours f\u00e9ri\u00e9s en Suisse 2026 : guide complet par canton \ud83c\udde8\ud83c\udded\",\"datePublished\":\"2026-04-28T14:45:52+00:00\",\"dateModified\":\"2026-04-28T14:46:06+00:00\",\"mainEntityOfPage\":{\"@id\":\"https:\/\/www.meininger-hotels.com\/blog\/fr\/jours-feries-suisse-2026\/\"},\"wordCount\":1722,\"publisher\":{\"@id\":\"https:\/\/www.meininger-hotels.com\/blog\/fr\/#organization\"},\"image\":{\"@id\":\"https:\/\/www.meininger-hotels.com\/blog\/fr\/jours-feries-suisse-2026\/#primaryimage\"},\"thumbnailUrl\":\"https:\/\/www.meininger-hotels.com\/blog\/app\/uploads\/2025\/04\/ahmed-ZYL4TAdZFC4-unsplash-scaled.jpg\",\"articleSection\":[\"Gen\u00e8ve\",\"Jours f\u00e9ri\u00e9s\",\"MEININGER\",\"Suisse\",\"Zurich\"],\"inLanguage\":\"fr-FR\"},{\"@type\":\"WebPage\",\"@id\":\"https:\/\/www.meininger-hotels.com\/blog\/fr\/jours-feries-suisse-2026\/\",\"url\":\"https:\/\/www.meininger-hotels.com\/blog\/fr\/jours-feries-suisse-2026\/\",\"name\":\"Jours f\u00e9ri\u00e9s en Suisse 2026 | MEININGER Hotels\",\"isPartOf\":{\"@id\":\"https:\/\/www.meininger-hotels.com\/blog\/fr\/#website\"},\"primaryImageOfPage\":{\"@id\":\"https:\/\/www.meininger-hotels.com\/blog\/fr\/jours-feries-suisse-2026\/#primaryimage\"},\"image\":{\"@id\":\"https:\/\/www.meininger-hotels.com\/blog\/fr\/jours-feries-suisse-2026\/#primaryimage\"},\"thumbnailUrl\":\"https:\/\/www.meininger-hotels.com\/blog\/app\/uploads\/2025\/04\/ahmed-ZYL4TAdZFC4-unsplash-scaled.jpg\",\"datePublished\":\"2026-04-28T14:45:52+00:00\",\"dateModified\":\"2026-04-28T14:46:06+00:00\",\"description\":\"D\u00e9couvrez les jours f\u00e9ri\u00e9s en Suisse 2026, canton par canton. Planifiez votre voyage avec ce guide complet des f\u00eates nationales et r\u00e9gionales.\",\"breadcrumb\":{\"@id\":\"https:\/\/www.meininger-hotels.com\/blog\/fr\/jours-feries-suisse-2026\/#breadcrumb\"},\"inLanguage\":\"fr-FR\",\"potentialAction\":[{\"@type\":\"ReadAction\",\"target\":[\"https:\/\/www.meininger-hotels.com\/blog\/fr\/jours-feries-suisse-2026\/\"]}]},{\"@type\":\"ImageObject\",\"inLanguage\":\"fr-FR\",\"@id\":\"https:\/\/www.meininger-hotels.com\/blog\/fr\/jours-feries-suisse-2026\/#primaryimage\",\"url\":\"https:\/\/www.meininger-hotels.com\/blog\/app\/uploads\/2025\/04\/ahmed-ZYL4TAdZFC4-unsplash-scaled.jpg\",\"contentUrl\":\"https:\/\/www.meininger-hotels.com\/blog\/app\/uploads\/2025\/04\/ahmed-ZYL4TAdZFC4-unsplash-scaled.jpg\",\"width\":1920,\"height\":1280,\"caption\":\"Person writing a 2024 to-do list in a notebook with planner and laptop on desk\"},{\"@type\":\"BreadcrumbList\",\"@id\":\"https:\/\/www.meininger-hotels.com\/blog\/fr\/jours-feries-suisse-2026\/#breadcrumb\",\"itemListElement\":[{\"@type\":\"ListItem\",\"position\":1,\"name\":\"Home\",\"item\":\"https:\/\/www.meininger-hotels.com\/blog\/fr\/\"},{\"@type\":\"ListItem\",\"position\":2,\"name\":\"Jours f\u00e9ri\u00e9s en Suisse 2026 : guide complet par canton \ud83c\udde8\ud83c\udded\"}]},{\"@type\":\"WebSite\",\"@id\":\"https:\/\/www.meininger-hotels.com\/blog\/fr\/#website\",\"url\":\"https:\/\/www.meininger-hotels.com\/blog\/fr\/\",\"name\":\"MEININGER Hotels\",\"description\":\"Explore the top European cities we live in\",\"publisher\":{\"@id\":\"https:\/\/www.meininger-hotels.com\/blog\/fr\/#organization\"},\"potentialAction\":[{\"@type\":\"SearchAction\",\"target\":{\"@type\":\"EntryPoint\",\"urlTemplate\":\"https:\/\/www.meininger-hotels.com\/blog\/fr\/?s={search_term_string}\"},\"query-input\":\"required name=search_term_string\"}],\"inLanguage\":\"fr-FR\"},{\"@type\":\"Organization\",\"@id\":\"https:\/\/www.meininger-hotels.com\/blog\/fr\/#organization\",\"name\":\"MEININGER Hotels\",\"url\":\"https:\/\/www.meininger-hotels.com\/blog\/fr\/\",\"logo\":{\"@type\":\"ImageObject\",\"inLanguage\":\"fr-FR\",\"@id\":\"https:\/\/www.meininger-hotels.com\/blog\/fr\/#\/schema\/logo\/image\/\",\"url\":\"https:\/\/www.meininger-hotels.com\/blog\/app\/uploads\/2020\/12\/meininger-logo.png\",\"contentUrl\":\"https:\/\/www.meininger-hotels.com\/blog\/app\/uploads\/2020\/12\/meininger-logo.png\",\"width\":250,\"height\":250,\"caption\":\"MEININGER Hotels\"},\"image\":{\"@id\":\"https:\/\/www.meininger-hotels.com\/blog\/fr\/#\/schema\/logo\/image\/\"}},{\"@type\":\"Person\",\"@id\":\"https:\/\/www.meininger-hotels.com\/blog\/fr\/#\/schema\/person\/882b525349c77fb74a786818b5aaa5fb\",\"name\":\"MEININGER\",\"image\":{\"@type\":\"ImageObject\",\"inLanguage\":\"fr-FR\",\"@id\":\"https:\/\/www.meininger-hotels.com\/blog\/fr\/#\/schema\/person\/image\/\",\"url\":\"https:\/\/secure.gravatar.com\/avatar\/44c94f86f425c7a68ffd38e5e1eb1edf?s=96&d=mm&r=g\",\"contentUrl\":\"https:\/\/secure.gravatar.com\/avatar\/44c94f86f425c7a68ffd38e5e1eb1edf?s=96&d=mm&r=g\",\"caption\":\"MEININGER\"},\"url\":\"https:\/\/www.meininger-hotels.com\/blog\/fr\/author\/meininger-ai-editor\/\"}]}<\/script>\n<!-- \/ Yoast SEO plugin. -->","yoast_head_json":{"title":"Jours f\u00e9ri\u00e9s en Suisse 2026 | MEININGER Hotels","description":"D\u00e9couvrez les jours f\u00e9ri\u00e9s en Suisse 2026, canton par canton. Planifiez votre voyage avec ce guide complet des f\u00eates nationales et r\u00e9gionales.","robots":{"index":"index","follow":"follow","max-snippet":"max-snippet:-1","max-image-preview":"max-image-preview:large","max-video-preview":"max-video-preview:-1"},"canonical":"https:\/\/www.meininger-hotels.com\/blog\/fr\/jours-feries-suisse-2026\/","og_locale":"fr_FR","og_type":"article","og_title":"Jours f\u00e9ri\u00e9s en Suisse 2026 | MEININGER Hotels","og_description":"D\u00e9couvrez les jours f\u00e9ri\u00e9s en Suisse 2026, canton par canton. Planifiez votre voyage avec ce guide complet des f\u00eates nationales et r\u00e9gionales.","og_url":"https:\/\/www.meininger-hotels.com\/blog\/fr\/jours-feries-suisse-2026\/","og_site_name":"MEININGER Hotels","article_published_time":"2026-04-28T14:45:52+00:00","article_modified_time":"2026-04-28T14:46:06+00:00","og_image":[{"width":1920,"height":1280,"url":"https:\/\/www.meininger-hotels.com\/blog\/app\/uploads\/2025\/04\/ahmed-ZYL4TAdZFC4-unsplash-scaled.jpg","type":"image\/jpeg"}],"author":"MEININGER","twitter_card":"summary_large_image","twitter_misc":{"Written by":"MEININGER","Est. reading time":"8 minutes"},"schema":{"@context":"https:\/\/schema.org","@graph":[{"@type":"Article","@id":"https:\/\/www.meininger-hotels.com\/blog\/fr\/jours-feries-suisse-2026\/#article","isPartOf":{"@id":"https:\/\/www.meininger-hotels.com\/blog\/fr\/jours-feries-suisse-2026\/"},"author":{"name":"MEININGER","@id":"https:\/\/www.meininger-hotels.com\/blog\/fr\/#\/schema\/person\/882b525349c77fb74a786818b5aaa5fb"},"headline":"Jours f\u00e9ri\u00e9s en Suisse 2026 : guide complet par canton \ud83c\udde8\ud83c\udded","datePublished":"2026-04-28T14:45:52+00:00","dateModified":"2026-04-28T14:46:06+00:00","mainEntityOfPage":{"@id":"https:\/\/www.meininger-hotels.com\/blog\/fr\/jours-feries-suisse-2026\/"},"wordCount":1722,"publisher":{"@id":"https:\/\/www.meininger-hotels.com\/blog\/fr\/#organization"},"image":{"@id":"https:\/\/www.meininger-hotels.com\/blog\/fr\/jours-feries-suisse-2026\/#primaryimage"},"thumbnailUrl":"https:\/\/www.meininger-hotels.com\/blog\/app\/uploads\/2025\/04\/ahmed-ZYL4TAdZFC4-unsplash-scaled.jpg","articleSection":["Gen\u00e8ve","Jours f\u00e9ri\u00e9s","MEININGER","Suisse","Zurich"],"inLanguage":"fr-FR"},{"@type":"WebPage","@id":"https:\/\/www.meininger-hotels.com\/blog\/fr\/jours-feries-suisse-2026\/","url":"https:\/\/www.meininger-hotels.com\/blog\/fr\/jours-feries-suisse-2026\/","name":"Jours f\u00e9ri\u00e9s en Suisse 2026 | MEININGER Hotels","isPartOf":{"@id":"https:\/\/www.meininger-hotels.com\/blog\/fr\/#website"},"primaryImageOfPage":{"@id":"https:\/\/www.meininger-hotels.com\/blog\/fr\/jours-feries-suisse-2026\/#primaryimage"},"image":{"@id":"https:\/\/www.meininger-hotels.com\/blog\/fr\/jours-feries-suisse-2026\/#primaryimage"},"thumbnailUrl":"https:\/\/www.meininger-hotels.com\/blog\/app\/uploads\/2025\/04\/ahmed-ZYL4TAdZFC4-unsplash-scaled.jpg","datePublished":"2026-04-28T14:45:52+00:00","dateModified":"2026-04-28T14:46:06+00:00","description":"D\u00e9couvrez les jours f\u00e9ri\u00e9s en Suisse 2026, canton par canton. Planifiez votre voyage avec ce guide complet des f\u00eates nationales et r\u00e9gionales.","breadcrumb":{"@id":"https:\/\/www.meininger-hotels.com\/blog\/fr\/jours-feries-suisse-2026\/#breadcrumb"},"inLanguage":"fr-FR","potentialAction":[{"@type":"ReadAction","target":["https:\/\/www.meininger-hotels.com\/blog\/fr\/jours-feries-suisse-2026\/"]}]},{"@type":"ImageObject","inLanguage":"fr-FR","@id":"https:\/\/www.meininger-hotels.com\/blog\/fr\/jours-feries-suisse-2026\/#primaryimage","url":"https:\/\/www.meininger-hotels.com\/blog\/app\/uploads\/2025\/04\/ahmed-ZYL4TAdZFC4-unsplash-scaled.jpg","contentUrl":"https:\/\/www.meininger-hotels.com\/blog\/app\/uploads\/2025\/04\/ahmed-ZYL4TAdZFC4-unsplash-scaled.jpg","width":1920,"height":1280,"caption":"Person writing a 2024 to-do list in a notebook with planner and laptop on desk"},{"@type":"BreadcrumbList","@id":"https:\/\/www.meininger-hotels.com\/blog\/fr\/jours-feries-suisse-2026\/#breadcrumb","itemListElement":[{"@type":"ListItem","position":1,"name":"Home","item":"https:\/\/www.meininger-hotels.com\/blog\/fr\/"},{"@type":"ListItem","position":2,"name":"Jours f\u00e9ri\u00e9s en Suisse 2026 : guide complet par canton \ud83c\udde8\ud83c\udded"}]},{"@type":"WebSite","@id":"https:\/\/www.meininger-hotels.com\/blog\/fr\/#website","url":"https:\/\/www.meininger-hotels.com\/blog\/fr\/","name":"MEININGER Hotels","description":"Explore the top European cities we live in","publisher":{"@id":"https:\/\/www.meininger-hotels.com\/blog\/fr\/#organization"},"potentialAction":[{"@type":"SearchAction","target":{"@type":"EntryPoint","urlTemplate":"https:\/\/www.meininger-hotels.com\/blog\/fr\/?s={search_term_string}"},"query-input":"required name=search_term_string"}],"inLanguage":"fr-FR"},{"@type":"Organization","@id":"https:\/\/www.meininger-hotels.com\/blog\/fr\/#organization","name":"MEININGER Hotels","url":"https:\/\/www.meininger-hotels.com\/blog\/fr\/","logo":{"@type":"ImageObject","inLanguage":"fr-FR","@id":"https:\/\/www.meininger-hotels.com\/blog\/fr\/#\/schema\/logo\/image\/","url":"https:\/\/www.meininger-hotels.com\/blog\/app\/uploads\/2020\/12\/meininger-logo.png","contentUrl":"https:\/\/www.meininger-hotels.com\/blog\/app\/uploads\/2020\/12\/meininger-logo.png","width":250,"height":250,"caption":"MEININGER Hotels"},"image":{"@id":"https:\/\/www.meininger-hotels.com\/blog\/fr\/#\/schema\/logo\/image\/"}},{"@type":"Person","@id":"https:\/\/www.meininger-hotels.com\/blog\/fr\/#\/schema\/person\/882b525349c77fb74a786818b5aaa5fb","name":"MEININGER","image":{"@type":"ImageObject","inLanguage":"fr-FR","@id":"https:\/\/www.meininger-hotels.com\/blog\/fr\/#\/schema\/person\/image\/","url":"https:\/\/secure.gravatar.com\/avatar\/44c94f86f425c7a68ffd38e5e1eb1edf?s=96&d=mm&r=g","contentUrl":"https:\/\/secure.gravatar.com\/avatar\/44c94f86f425c7a68ffd38e5e1eb1edf?s=96&d=mm&r=g","caption":"MEININGER"},"url":"https:\/\/www.meininger-hotels.com\/blog\/fr\/author\/meininger-ai-editor\/"}]}},"_links":{"self":[{"href":"https:\/\/www.meininger-hotels.com\/blog\/fr\/wp-json\/wp\/v2\/posts\/51136"}],"collection":[{"href":"https:\/\/www.meininger-hotels.com\/blog\/fr\/wp-json\/wp\/v2\/posts"}],"about":[{"href":"https:\/\/www.meininger-hotels.com\/blog\/fr\/wp-json\/wp\/v2\/types\/post"}],"author":[{"embeddable":true,"href":"https:\/\/www.meininger-hotels.com\/blog\/fr\/wp-json\/wp\/v2\/users\/99"}],"replies":[{"embeddable":true,"href":"https:\/\/www.meininger-hotels.com\/blog\/fr\/wp-json\/wp\/v2\/comments?post=51136"}],"version-history":[{"count":3,"href":"https:\/\/www.meininger-hotels.com\/blog\/fr\/wp-json\/wp\/v2\/posts\/51136\/revisions"}],"predecessor-version":[{"id":51142,"href":"https:\/\/www.meininger-hotels.com\/blog\/fr\/wp-json\/wp\/v2\/posts\/51136\/revisions\/51142"}],"wp:featuredmedia":[{"embeddable":true,"href":"https:\/\/www.meininger-hotels.com\/blog\/fr\/wp-json\/wp\/v2\/media\/40141"}],"wp:attachment":[{"href":"https:\/\/www.meininger-hotels.com\/blog\/fr\/wp-json\/wp\/v2\/media?parent=51136"}],"wp:term":[{"taxonomy":"category","embeddable":true,"href":"https:\/\/www.meininger-hotels.com\/blog\/fr\/wp-json\/wp\/v2\/categories?post=51136"},{"taxonomy":"post_tag","embeddable":true,"href":"https:\/\/www.meininger-hotels.com\/blog\/fr\/wp-json\/wp\/v2\/tags?post=51136"}],"curies":[{"name":"wp","href":"https:\/\/api.w.org\/{rel}","templated":true}]}}