{"id":51137,"date":"2026-04-28T14:47:24","date_gmt":"2026-04-28T14:47:24","guid":{"rendered":"https:\/\/www.meininger-hotels.com\/blog\/?p=51137"},"modified":"2026-04-28T14:47:43","modified_gmt":"2026-04-28T14:47:43","slug":"giorni-festivi-svizzera","status":"publish","type":"post","link":"https:\/\/www.meininger-hotels.com\/blog\/it\/giorni-festivi-svizzera\/","title":{"rendered":"Giorni festivi in Svizzera 2026: guida completa per cantone \ud83c\udde8\ud83c\udded"},"content":{"rendered":"\n<h2 class=\"wp-block-heading\"><strong>Giorni festivi svizzeri 2026: una guida cantone per cantone \ud83c\udde8\ud83c\udded<\/strong>&nbsp;<\/h2>\n\n\n\n<p>I giorni festivi in Svizzera sono la scusa perfetta per esplorare di pi\u00f9 questo paese \u2014 che tu lo stia visitando per la prima volta o che tu abbia la fortuna di viverci. Per semplificare la pianificazione, abbiamo raccolto una lista completa dei giorni festivi 2026, suddivisi per cantone.<\/p>\n\n\n\n<h2 class=\"wp-block-heading\"><strong>Tipi di giorni festivi in Svizzera \ud83d\udcc5<\/strong>&nbsp;<\/h2>\n\n\n\n<p>La Svizzera \u00e8 divisa in 26 cantoni, simili agli stati o province di altri paesi. Ogni cantone gode di un elevato grado di autonomia, con il proprio governo, i propri tribunali e, naturalmente, i propri giorni festivi.<\/p>\n\n\n<div class=\"wp-block-image\">\n<figure class=\"aligncenter size-large\"><img decoding=\"async\" width=\"1024\" height=\"683\" data-src=\"https:\/\/www.meininger-hotels.com\/blog\/app\/uploads\/2025\/04\/dino-reichmuth-zlV1Ksvifvs-unsplash-1024x683.jpg\" alt=\"Giorni festivi in Svizzera: rifugio vicino a un lago con foresta di pini e montagne innevate\" class=\"wp-image-40109 lazyload\" data-srcset=\"https:\/\/www.meininger-hotels.com\/blog\/app\/uploads\/2025\/04\/dino-reichmuth-zlV1Ksvifvs-unsplash-1024x683.jpg 1024w, https:\/\/www.meininger-hotels.com\/blog\/app\/uploads\/2025\/04\/dino-reichmuth-zlV1Ksvifvs-unsplash-300x200.jpg 300w, https:\/\/www.meininger-hotels.com\/blog\/app\/uploads\/2025\/04\/dino-reichmuth-zlV1Ksvifvs-unsplash-768x512.jpg 768w, https:\/\/www.meininger-hotels.com\/blog\/app\/uploads\/2025\/04\/dino-reichmuth-zlV1Ksvifvs-unsplash-1536x1025.jpg 1536w, https:\/\/www.meininger-hotels.com\/blog\/app\/uploads\/2025\/04\/dino-reichmuth-zlV1Ksvifvs-unsplash-2048x1366.jpg 2048w, https:\/\/www.meininger-hotels.com\/blog\/app\/uploads\/2025\/04\/dino-reichmuth-zlV1Ksvifvs-unsplash-scaled.jpg 1920w, https:\/\/www.meininger-hotels.com\/blog\/app\/uploads\/2025\/04\/dino-reichmuth-zlV1Ksvifvs-unsplash-1440x961.jpg 1440w, https:\/\/www.meininger-hotels.com\/blog\/app\/uploads\/2025\/04\/dino-reichmuth-zlV1Ksvifvs-unsplash-1200x800.jpg 1200w, https:\/\/www.meininger-hotels.com\/blog\/app\/uploads\/2025\/04\/dino-reichmuth-zlV1Ksvifvs-unsplash-600x400.jpg 600w\" data-sizes=\"(max-width: 1024px) 100vw, 1024px\" src=\"data:image\/svg+xml;base64,PHN2ZyB3aWR0aD0iMSIgaGVpZ2h0PSIxIiB4bWxucz0iaHR0cDovL3d3dy53My5vcmcvMjAwMC9zdmciPjwvc3ZnPg==\" style=\"--smush-placeholder-width: 1024px; --smush-placeholder-aspect-ratio: 1024\/683;\" \/><figcaption class=\"wp-element-caption\">Goditi le serene viste alpine durante una fuga nei giorni festivi svizzeri<\/figcaption><\/figure><\/div>\n\n\n<figure class=\"wp-block-pullquote\"><blockquote><p><sub>Se stai pianificando un viaggio e vuoi sfruttare al meglio questi giorni festivi nazionali o regionali,<\/sub><\/p><cite>abbiamo compilato una lista per renderti la vita pi\u00f9 facile!<br><br>\ud83d\udc47\ud83c\udffc\ud83d\udc47\ud83c\udffc\ud83d\udc47<\/cite><\/blockquote><\/figure>\n\n\n\n<h2 class=\"wp-block-heading\"><strong>Festivit\u00e0 nazionali (osservate in tutti i cantoni)<\/strong>&nbsp;<\/h2>\n\n\n\n<ul>\n<li><strong>Capodanno<\/strong>: gioved\u00ec 1\u00b0 gennaio<\/li>\n\n\n\n<li><strong>Ascensione<\/strong>: gioved\u00ec 14 maggio<\/li>\n\n\n\n<li><strong>Festa nazionale svizzera<\/strong>: sabato 1\u00b0 agosto<\/li>\n\n\n\n<li><strong>Natale<\/strong>: venerd\u00ec 25 dicembre<\/li>\n<\/ul>\n\n\n\n<p>\ud83d\udccc Consiglio: se una festivit\u00e0 cade di gioved\u00ec, valuta di prendere il venerd\u00ec di ferie per un lungo weekend di 4 giorni.<\/p>\n\n\n\n<h2 class=\"wp-block-heading\"><strong>Festivit\u00e0 cantonali<\/strong>&nbsp;<strong>(in aggiunta alle festivit\u00e0 nazionali)<\/strong><\/h2>\n\n\n\n<p>A differenza delle festivit\u00e0 nazionali indicate sopra, le festivit\u00e0 cantonali variano da cantone a cantone. Con una buona pianificazione, puoi goderti dei lunghi weekend e organizzare un city trip in Svizzera in queste date.&nbsp;&nbsp;<\/p>\n\n\n\n<h3 class=\"wp-block-heading\"><strong>\ud83d\udccd Argovia (AG)&nbsp;<\/strong>&nbsp;<\/h3>\n\n\n\n<ul>\n<li><strong>Giorno di Berchtold:<\/strong> venerd\u00ec 2 gennaio<\/li>\n\n\n\n<li><strong>Venerd\u00ec Santo:<\/strong> 3 aprile<\/li>\n\n\n\n<li><strong>Luned\u00ec di Pasqua:<\/strong> 6 aprile<\/li>\n\n\n\n<li><strong>Luned\u00ec di Pentecoste:<\/strong> 25 maggio<\/li>\n\n\n\n<li><strong>Corpus Domini:<\/strong> gioved\u00ec 4 giugno<\/li>\n\n\n\n<li><strong>Ferragosto (Assunzione):<\/strong> sabato 15 agosto<\/li>\n\n\n\n<li><strong>Ognissanti:<\/strong> domenica 1\u00b0 novembre<\/li>\n\n\n\n<li><strong>Immacolata Concezione:<\/strong> marted\u00ec 8 dicembre<\/li>\n\n\n\n<li><strong>Santo Stefano:<\/strong> sabato 26 dicembre<\/li>\n<\/ul>\n\n\n\n<h3 class=\"wp-block-heading\"><strong>\ud83c\udde8\ud83c\udded Appenzello Interno (AI)<\/strong>&nbsp;<\/h3>\n\n\n\n<ul>\n<li><strong>Venerd\u00ec Santo:<\/strong> 3 aprile<\/li>\n\n\n\n<li><strong>Luned\u00ec di Pasqua:<\/strong> 6 aprile<\/li>\n\n\n\n<li><strong>Luned\u00ec di Pentecoste:<\/strong> 25 maggio<\/li>\n\n\n\n<li><strong>Corpus Domini:<\/strong> gioved\u00ec 4 giugno<\/li>\n\n\n\n<li><strong>Ferragosto (Assunzione):<\/strong> sabato 15 agosto<\/li>\n\n\n\n<li><strong>San Maurizio:<\/strong> marted\u00ec 22 settembre<\/li>\n\n\n\n<li><strong>Ognissanti:<\/strong> domenica 1\u00b0 novembre<\/li>\n\n\n\n<li><strong>Immacolata Concezione:<\/strong> marted\u00ec 8 dicembre<\/li>\n\n\n\n<li><strong>Santo Stefano:<\/strong> sabato 26 dicembre<\/li>\n<\/ul>\n\n\n\n<h3 class=\"wp-block-heading\"><strong>\ud83d\udccd Appenzello Esterno (AR)&nbsp;<\/strong>&nbsp;<\/h3>\n\n\n\n<ul>\n<li><strong>Venerd\u00ec Santo:<\/strong> 3 aprile<\/li>\n\n\n\n<li><strong>Luned\u00ec di Pasqua:<\/strong> 6 aprile&nbsp;&nbsp;<\/li>\n\n\n\n<li><strong>Luned\u00ec di Pentecoste:<\/strong> 25 maggio&nbsp;&nbsp;<\/li>\n\n\n\n<li><strong>Santo Stefano:<\/strong> sabato 26 dicembre&nbsp;<\/li>\n<\/ul>\n\n\n\n<h3 class=\"wp-block-heading\"><strong>\ud83c\udde8\ud83c\udded Basilea Campagna (BL)&nbsp;<\/strong>&nbsp;<\/h3>\n\n\n\n<ul>\n<li><strong>Venerd\u00ec Santo:<\/strong> 3 aprile&nbsp;&nbsp;<\/li>\n\n\n\n<li><strong>Luned\u00ec di Pasqua:<\/strong> 6 aprile&nbsp;&nbsp;<\/li>\n\n\n\n<li><strong>Festa del Lavoro:<\/strong> venerd\u00ec 1\u00b0 maggio&nbsp;&nbsp;<\/li>\n\n\n\n<li><strong>Luned\u00ec di Pentecoste:<\/strong> 25 maggio&nbsp;<\/li>\n\n\n\n<li><strong>Santo Stefano:<\/strong> sabato 26 dicembre&nbsp;<\/li>\n<\/ul>\n\n\n\n<h3 class=\"wp-block-heading\"><strong>\ud83d\udccd Basilea Citt\u00e0 (BS)&nbsp;<\/strong>&nbsp;<\/h3>\n\n\n\n<ul>\n<li><strong>Venerd\u00ec Santo:<\/strong> 3 aprile&nbsp;<\/li>\n\n\n\n<li><strong>Luned\u00ec di Pasqua:<\/strong> 6 aprile&nbsp;&nbsp;<\/li>\n\n\n\n<li><strong>Festa del Lavoro:<\/strong> venerd\u00ec 1\u00b0 maggio&nbsp;&nbsp;<\/li>\n\n\n\n<li><strong>Luned\u00ec di Pentecoste:<\/strong> 25 maggio&nbsp;<\/li>\n\n\n\n<li><strong>Santo Stefano:<\/strong> sabato 26 dicembre&nbsp;&nbsp;<\/li>\n<\/ul>\n\n\n\n<h3 class=\"wp-block-heading\"><strong>\ud83c\udde8\ud83c\udded Berna (BE)&nbsp;<\/strong>&nbsp;<\/h3>\n\n\n\n<ul>\n<li><strong>Giorno di Berchtold:<\/strong> venerd\u00ec 2 gennaio<\/li>\n\n\n\n<li><strong>Venerd\u00ec Santo:<\/strong> 3 aprile&nbsp;&nbsp;<\/li>\n\n\n\n<li><strong>Luned\u00ec di Pasqua:<\/strong> 6 aprile&nbsp;<\/li>\n\n\n\n<li><strong>Luned\u00ec di Pentecoste:<\/strong> 25 maggio<\/li>\n\n\n\n<li><strong>Santo Stefano:<\/strong> sabato 26 dicembre&nbsp;&nbsp;<\/li>\n<\/ul>\n\n\n\n<figure class=\"wp-block-image aligncenter size-large\"><img decoding=\"async\" width=\"1024\" height=\"683\" data-src=\"https:\/\/www.meininger-hotels.com\/blog\/app\/uploads\/2025\/04\/andreas-fischinger-xosBoKRT0qE-unsplash-1024x683.jpg\" alt=\"Giorni festivi in Svizzera: vista panoramica di Berna con cattedrale e tetti\n\" class=\"wp-image-40115 lazyload\" data-srcset=\"https:\/\/www.meininger-hotels.com\/blog\/app\/uploads\/2025\/04\/andreas-fischinger-xosBoKRT0qE-unsplash-1024x683.jpg 1024w, https:\/\/www.meininger-hotels.com\/blog\/app\/uploads\/2025\/04\/andreas-fischinger-xosBoKRT0qE-unsplash-300x200.jpg 300w, https:\/\/www.meininger-hotels.com\/blog\/app\/uploads\/2025\/04\/andreas-fischinger-xosBoKRT0qE-unsplash-768x513.jpg 768w, https:\/\/www.meininger-hotels.com\/blog\/app\/uploads\/2025\/04\/andreas-fischinger-xosBoKRT0qE-unsplash-1536x1025.jpg 1536w, https:\/\/www.meininger-hotels.com\/blog\/app\/uploads\/2025\/04\/andreas-fischinger-xosBoKRT0qE-unsplash-2048x1367.jpg 2048w, https:\/\/www.meininger-hotels.com\/blog\/app\/uploads\/2025\/04\/andreas-fischinger-xosBoKRT0qE-unsplash-scaled.jpg 1920w, https:\/\/www.meininger-hotels.com\/blog\/app\/uploads\/2025\/04\/andreas-fischinger-xosBoKRT0qE-unsplash-1440x961.jpg 1440w, https:\/\/www.meininger-hotels.com\/blog\/app\/uploads\/2025\/04\/andreas-fischinger-xosBoKRT0qE-unsplash-1200x801.jpg 1200w, https:\/\/www.meininger-hotels.com\/blog\/app\/uploads\/2025\/04\/andreas-fischinger-xosBoKRT0qE-unsplash-600x400.jpg 600w\" data-sizes=\"(max-width: 1024px) 100vw, 1024px\" src=\"data:image\/svg+xml;base64,PHN2ZyB3aWR0aD0iMSIgaGVpZ2h0PSIxIiB4bWxucz0iaHR0cDovL3d3dy53My5vcmcvMjAwMC9zdmciPjwvc3ZnPg==\" style=\"--smush-placeholder-width: 1024px; --smush-placeholder-aspect-ratio: 1024\/683;\" \/><figcaption class=\"wp-element-caption\">Trascorri il tuo prossimo giorno festivo bernese scoprendo il fascino del centro storico e i monumenti UNESCO<\/figcaption><\/figure>\n\n\n\n<h3 class=\"wp-block-heading\"><strong>\ud83d\udccd Friburgo (FR)<\/strong>&nbsp;<\/h3>\n\n\n\n<ul>\n<li><strong>Giorno di Berchtold:<\/strong> venerd\u00ec 2 gennaio<\/li>\n\n\n\n<li><strong>Venerd\u00ec Santo:<\/strong> venerd\u00ec 3 aprile<\/li>\n\n\n\n<li><strong>Luned\u00ec di Pasqua:<\/strong> luned\u00ec 6 aprile<\/li>\n\n\n\n<li><strong>Luned\u00ec di Pentecoste:<\/strong> luned\u00ec 25 maggio<\/li>\n\n\n\n<li><strong>Corpus Domini:<\/strong> gioved\u00ec 4 giugno<\/li>\n\n\n\n<li><strong>Ferragosto (Assunzione):<\/strong> sabato 15 agosto<\/li>\n\n\n\n<li><strong>Ognissanti:<\/strong> domenica 1\u00b0 novembre<\/li>\n\n\n\n<li><strong>Immacolata Concezione:<\/strong> marted\u00ec 8 dicembre<\/li>\n\n\n\n<li><strong>Santo Stefano:<\/strong> sabato 26 dicembre<\/li>\n<\/ul>\n\n\n\n<h3 class=\"wp-block-heading\"><strong>\ud83c\udde8\ud83c\udded Ginevra (GE)<\/strong>&nbsp;<\/h3>\n\n\n\n<p>E conosciamo proprio il posto migliore dove soggiornare a Ginevra \ud83d\udc40 Il <strong><a href=\"https:\/\/www.meininger-hotels.com\/en\/hotels\/geneva\/hotel-geneva-center-charmilles\/\" target=\"_blank\" rel=\"noreferrer noopener\">MEININGER Hotel Gen\u00e8ve Centre Charmilles<\/a><\/strong> \u00e8 la base perfetta per esplorare questa splendida citt\u00e0!&nbsp;&nbsp;<\/p>\n\n\n\n<ul>\n<li><strong>Venerd\u00ec Santo:<\/strong> venerd\u00ec 3 aprile<\/li>\n\n\n\n<li><strong>Luned\u00ec di Pasqua:<\/strong> luned\u00ec 6 aprile<\/li>\n\n\n\n<li><strong>Luned\u00ec di Pentecoste:<\/strong> luned\u00ec 25 maggio<\/li>\n\n\n\n<li><strong>Je\u00fbne genevois:<\/strong> gioved\u00ec 10 settembre<\/li>\n\n\n\n<li><strong>Giorno della Restaurazione:<\/strong> gioved\u00ec 31 dicembre<\/li>\n<\/ul>\n\n\n\n<p>Durante il tuo soggiorno per le festivit\u00e0, non perdere l&#8217;occasione di esplorare gli angoli pi\u00f9 fotogenici della citt\u00e0 \u2014 scopri i <a href=\"https:\/\/www.meininger-hotels.com\/blog\/en\/best-instagram-spots-geneva\/\" target=\"_blank\" rel=\"noreferrer noopener\"><strong>migliori spot Instagram a Ginevra<\/strong><\/a>!&nbsp;<\/p>\n\n\n\n<h3 class=\"wp-block-heading\"><strong>\ud83d\udccd Glarona (GL)<\/strong>&nbsp;<\/h3>\n\n\n\n<ul>\n<li><strong>Giorno di Berchtold:<\/strong> venerd\u00ec 2 gennaio<\/li>\n\n\n\n<li><strong>N\u00e4felser Fahrt:<\/strong> gioved\u00ec 9 aprile<\/li>\n\n\n\n<li><strong>Venerd\u00ec Santo:<\/strong> venerd\u00ec 3 aprile<\/li>\n\n\n\n<li><strong>Luned\u00ec di Pasqua:<\/strong> luned\u00ec 6 aprile<\/li>\n\n\n\n<li><strong>Luned\u00ec di Pentecoste:<\/strong> luned\u00ec 25 maggio<\/li>\n\n\n\n<li><strong>Ognissanti:<\/strong> domenica 1\u00b0 novembre<\/li>\n\n\n\n<li><strong>Vigilia di Natale:<\/strong> gioved\u00ec 24 dicembre<\/li>\n\n\n\n<li><strong>Santo Stefano:<\/strong> sabato 26 dicembre<\/li>\n\n\n\n<li><strong>San Silvestro:<\/strong> gioved\u00ec 31 dicembre<\/li>\n<\/ul>\n\n\n\n<h3 class=\"wp-block-heading\"><strong>\ud83c\udde8\ud83c\udded Grigioni (GR)<\/strong>&nbsp;<\/h3>\n\n\n\n<ul>\n<li><strong>Epifania:<\/strong> marted\u00ec 6 gennaio<\/li>\n\n\n\n<li><strong>Venerd\u00ec Santo:<\/strong> venerd\u00ec 3 aprile<\/li>\n\n\n\n<li><strong>Luned\u00ec di Pasqua:<\/strong> luned\u00ec 6 aprile<\/li>\n\n\n\n<li><strong>Luned\u00ec di Pentecoste:<\/strong> luned\u00ec 25 maggio<\/li>\n\n\n\n<li><strong>Immacolata Concezione:<\/strong> marted\u00ec 8 dicembre<\/li>\n\n\n\n<li><strong>Santo Stefano:<\/strong> sabato 26 dicembre<\/li>\n<\/ul>\n\n\n\n<h3 class=\"wp-block-heading\"><strong>\ud83d\udccd Giura (JU)&nbsp;<\/strong>&nbsp;<\/h3>\n\n\n\n<ul>\n<li><strong>Giorno di Berchtold:<\/strong> venerd\u00ec 2 gennaio<\/li>\n\n\n\n<li><strong>Venerd\u00ec Santo:<\/strong> venerd\u00ec 3 aprile<\/li>\n\n\n\n<li><strong>Luned\u00ec di Pasqua:<\/strong> luned\u00ec 6 aprile<\/li>\n\n\n\n<li><strong>Festa del Lavoro:<\/strong> venerd\u00ec 1\u00b0 maggio<\/li>\n\n\n\n<li><strong>Luned\u00ec di Pentecoste:<\/strong> luned\u00ec 25 maggio<\/li>\n\n\n\n<li><strong>Corpus Domini:<\/strong> gioved\u00ec 4 giugno<\/li>\n\n\n\n<li><strong>Festa dell&#8217;Indipendenza del Giura:<\/strong> marted\u00ec 23 giugno<\/li>\n\n\n\n<li><strong>Ferragosto (Assunzione):<\/strong> sabato 15 agosto<\/li>\n\n\n\n<li><strong>Ognissanti:<\/strong> domenica 1\u00b0 novembre<\/li>\n<\/ul>\n\n\n\n<h3 class=\"wp-block-heading\"><strong>\ud83c\udde8\ud83c\udded Lucerna (LU)<\/strong>&nbsp;<\/h3>\n\n\n\n<ul>\n<li><strong>Giorno di Berchtold:<\/strong> venerd\u00ec 2 gennaio<\/li>\n\n\n\n<li><strong>Epifania:<\/strong> marted\u00ec 6 gennaio<\/li>\n\n\n\n<li><strong>Venerd\u00ec Santo:<\/strong> venerd\u00ec 3 aprile<\/li>\n\n\n\n<li><strong>Luned\u00ec di Pasqua:<\/strong> luned\u00ec 6 aprile<\/li>\n\n\n\n<li><strong>Luned\u00ec di Pentecoste:<\/strong> luned\u00ec 25 maggio<\/li>\n\n\n\n<li><strong>Corpus Domini:<\/strong> gioved\u00ec 4 giugno<\/li>\n\n\n\n<li><strong>Ferragosto (Assunzione):<\/strong> sabato 15 agosto<\/li>\n\n\n\n<li><strong>Ognissanti:<\/strong> domenica 1\u00b0 novembre<\/li>\n\n\n\n<li><strong>Immacolata Concezione:<\/strong> marted\u00ec 8 dicembre<\/li>\n\n\n\n<li><strong>Santo Stefano:<\/strong> sabato 26 dicembre<\/li>\n<\/ul>\n\n\n\n<h3 class=\"wp-block-heading\"><strong>\ud83d\udccd Neuch\u00e2tel (NE)<\/strong>&nbsp;<\/h3>\n\n\n\n<ul>\n<li><strong>Giorno di Berchtold:<\/strong> venerd\u00ec 2 gennaio<\/li>\n\n\n\n<li><strong>Giorno della Repubblica:<\/strong> domenica 1\u00b0 marzo<\/li>\n\n\n\n<li><strong>Venerd\u00ec Santo:<\/strong> venerd\u00ec 3 aprile<\/li>\n\n\n\n<li><strong>Luned\u00ec di Pasqua:<\/strong> luned\u00ec 6 aprile<\/li>\n\n\n\n<li><strong>Festa del Lavoro:<\/strong> venerd\u00ec 1\u00b0 maggio<\/li>\n\n\n\n<li><strong>Luned\u00ec di Pentecoste:<\/strong> luned\u00ec 25 maggio<\/li>\n\n\n\n<li><strong>Santo Stefano:<\/strong> sabato 26 dicembre<\/li>\n<\/ul>\n\n\n\n<h3 class=\"wp-block-heading\"><strong>\ud83c\udde8\ud83c\udded Nidvaldo (NW)<\/strong>&nbsp;<\/h3>\n\n\n\n<ul>\n<li><strong>San Giuseppe:<\/strong> gioved\u00ec 19 marzo<\/li>\n\n\n\n<li><strong>Venerd\u00ec Santo:<\/strong> venerd\u00ec 3 aprile<\/li>\n\n\n\n<li><strong>Luned\u00ec di Pasqua:<\/strong> luned\u00ec 6 aprile<\/li>\n\n\n\n<li><strong>Luned\u00ec di Pentecoste:<\/strong> luned\u00ec 25 maggio<\/li>\n\n\n\n<li><strong>Corpus Domini:<\/strong> gioved\u00ec 4 giugno<\/li>\n\n\n\n<li><strong>Ferragosto (Assunzione):<\/strong> sabato 15 agosto<\/li>\n\n\n\n<li><strong>Ognissanti:<\/strong> domenica 1\u00b0 novembre<\/li>\n\n\n\n<li><strong>Immacolata Concezione:<\/strong> marted\u00ec 8 dicembre<\/li>\n\n\n\n<li><strong>Santo Stefano:<\/strong> sabato 26 dicembre<\/li>\n<\/ul>\n\n\n\n<h3 class=\"wp-block-heading\"><strong>\ud83d\udccd Obvaldo (OW)<\/strong>&nbsp;<\/h3>\n\n\n\n<ul>\n<li><strong>Giorno di Berchtold:<\/strong> venerd\u00ec 2 gennaio<\/li>\n\n\n\n<li><strong>Venerd\u00ec Santo:<\/strong> venerd\u00ec 3 aprile<\/li>\n\n\n\n<li><strong>Luned\u00ec di Pasqua:<\/strong> luned\u00ec 6 aprile<\/li>\n\n\n\n<li><strong>Luned\u00ec di Pentecoste:<\/strong> luned\u00ec 25 maggio<\/li>\n\n\n\n<li><strong>Corpus Domini:<\/strong> gioved\u00ec 4 giugno<\/li>\n\n\n\n<li><strong>Ferragosto (Assunzione):<\/strong> sabato 15 agosto<\/li>\n\n\n\n<li><strong>San Nicola della Fl\u00fce:<\/strong> venerd\u00ec 25 settembre<\/li>\n\n\n\n<li><strong>Ognissanti:<\/strong> domenica 1\u00b0 novembre<\/li>\n\n\n\n<li><strong>Immacolata Concezione:<\/strong> marted\u00ec 8 dicembre<\/li>\n\n\n\n<li><strong>Santo Stefano:<\/strong> sabato 26 dicembre<\/li>\n<\/ul>\n\n\n\n<h3 class=\"wp-block-heading\"><strong>\ud83c\udde8\ud83c\udded San Gallo (SG)<\/strong>&nbsp;<\/h3>\n\n\n\n<ul>\n<li><strong>Venerd\u00ec Santo:<\/strong> venerd\u00ec 3 aprile<\/li>\n\n\n\n<li><strong>Luned\u00ec di Pasqua:<\/strong> luned\u00ec 6 aprile<\/li>\n\n\n\n<li><strong>Luned\u00ec di Pentecoste:<\/strong> luned\u00ec 25 maggio<\/li>\n\n\n\n<li><strong>Ognissanti:<\/strong> domenica 1\u00b0 novembre<\/li>\n\n\n\n<li><strong>Santo Stefano:<\/strong> sabato 26 dicembre<\/li>\n<\/ul>\n\n\n\n<h3 class=\"wp-block-heading\"><strong>\ud83d\udccd Sciaffusa (SH)<\/strong>&nbsp;<\/h3>\n\n\n\n<ul>\n<li><strong>Giorno di Berchtold:<\/strong> venerd\u00ec 2 gennaio<\/li>\n\n\n\n<li><strong>Venerd\u00ec Santo:<\/strong> venerd\u00ec 3 aprile<\/li>\n\n\n\n<li><strong>Luned\u00ec di Pasqua:<\/strong> luned\u00ec 6 aprile<\/li>\n\n\n\n<li><strong>Festa del Lavoro:<\/strong> venerd\u00ec 1\u00b0 maggio<\/li>\n\n\n\n<li><strong>Luned\u00ec di Pentecoste:<\/strong> luned\u00ec 25 maggio<\/li>\n\n\n\n<li><strong>Santo Stefano:<\/strong> sabato 26 dicembre<\/li>\n<\/ul>\n\n\n\n<h3 class=\"wp-block-heading\"><strong>\ud83c\udde8\ud83c\udded Svitto (SZ)<\/strong>&nbsp;<\/h3>\n\n\n\n<ul>\n<li><strong>Epifania:<\/strong> marted\u00ec 6 gennaio<\/li>\n\n\n\n<li><strong>San Giuseppe:<\/strong> gioved\u00ec 19 marzo<\/li>\n\n\n\n<li><strong>Venerd\u00ec Santo:<\/strong> venerd\u00ec 3 aprile<\/li>\n\n\n\n<li><strong>Luned\u00ec di Pasqua:<\/strong> luned\u00ec 6 aprile<\/li>\n\n\n\n<li><strong>Luned\u00ec di Pentecoste:<\/strong> luned\u00ec 25 maggio<\/li>\n\n\n\n<li><strong>Corpus Domini:<\/strong> gioved\u00ec 4 giugno<\/li>\n\n\n\n<li><strong>Ferragosto (Assunzione):<\/strong> sabato 15 agosto<\/li>\n\n\n\n<li><strong>Ognissanti:<\/strong> domenica 1\u00b0 novembre<\/li>\n\n\n\n<li><strong>Immacolata Concezione:<\/strong> marted\u00ec 8 dicembre<\/li>\n\n\n\n<li><strong>Santo Stefano:<\/strong> sabato 26 dicembre<\/li>\n<\/ul>\n\n\n\n<h3 class=\"wp-block-heading\"><strong>\ud83d\udccd Soletta (SO)<\/strong>&nbsp;<\/h3>\n\n\n\n<ul>\n<li><strong>Giorno di Berchtold:<\/strong> venerd\u00ec 2 gennaio<\/li>\n\n\n\n<li><strong>San Giuseppe:<\/strong> gioved\u00ec 19 marzo<\/li>\n\n\n\n<li><strong>Venerd\u00ec Santo:<\/strong> venerd\u00ec 3 aprile<\/li>\n\n\n\n<li><strong>Luned\u00ec di Pasqua:<\/strong> luned\u00ec 6 aprile<\/li>\n\n\n\n<li><strong>Festa del Lavoro:<\/strong> venerd\u00ec 1\u00b0 maggio<\/li>\n\n\n\n<li><strong>Luned\u00ec di Pentecoste:<\/strong> luned\u00ec 25 maggio<\/li>\n\n\n\n<li><strong>Corpus Domini:<\/strong> gioved\u00ec 4 giugno<\/li>\n\n\n\n<li><strong>Ferragosto (Assunzione):<\/strong> sabato 15 agosto<\/li>\n\n\n\n<li><strong>Ognissanti:<\/strong> domenica 1\u00b0 novembre<\/li>\n\n\n\n<li><strong>Santo Stefano:<\/strong> sabato 26 dicembre<\/li>\n<\/ul>\n\n\n\n<h3 class=\"wp-block-heading\"><strong>\ud83c\udde8\ud83c\udded Turgovia (TG)<\/strong>&nbsp;<\/h3>\n\n\n\n<ul>\n<li><strong>Giorno di Berchtold:<\/strong> venerd\u00ec 2 gennaio<\/li>\n\n\n\n<li><strong>Venerd\u00ec Santo:<\/strong> venerd\u00ec 3 aprile<\/li>\n\n\n\n<li><strong>Luned\u00ec di Pasqua:<\/strong> luned\u00ec 6 aprile<\/li>\n\n\n\n<li><strong>Festa del Lavoro:<\/strong> venerd\u00ec 1\u00b0 maggio<\/li>\n\n\n\n<li><strong>Luned\u00ec di Pentecoste:<\/strong> luned\u00ec 25 maggio<\/li>\n\n\n\n<li><strong>Santo Stefano:<\/strong> sabato 26 dicembre<\/li>\n<\/ul>\n\n\n\n<h3 class=\"wp-block-heading\"><strong>\ud83d\udccd Ticino (TI)<\/strong>&nbsp;<\/h3>\n\n\n\n<ul>\n<li><strong>Epifania:<\/strong> marted\u00ec 6 gennaio<\/li>\n\n\n\n<li><strong>San Giuseppe:<\/strong> gioved\u00ec 19 marzo<\/li>\n\n\n\n<li><strong>Luned\u00ec di Pasqua:<\/strong> luned\u00ec 6 aprile<\/li>\n\n\n\n<li><strong>Festa del Lavoro:<\/strong> venerd\u00ec 1\u00b0 maggio<\/li>\n\n\n\n<li><strong>Luned\u00ec di Pentecoste:<\/strong> luned\u00ec 25 maggio<\/li>\n\n\n\n<li><strong>Corpus Domini:<\/strong> gioved\u00ec 4 giugno<\/li>\n\n\n\n<li><strong>Santi Pietro e Paolo:<\/strong> luned\u00ec 29 giugno<\/li>\n\n\n\n<li><strong>Ferragosto (Assunzione):<\/strong> sabato 15 agosto<\/li>\n\n\n\n<li><strong>Ognissanti:<\/strong> domenica 1\u00b0 novembre<\/li>\n\n\n\n<li><strong>Immacolata Concezione:<\/strong> marted\u00ec 8 dicembre<\/li>\n\n\n\n<li><strong>Santo Stefano:<\/strong> sabato 26 dicembre<\/li>\n<\/ul>\n\n\n\n<figure class=\"wp-block-image aligncenter size-large\"><img decoding=\"async\" width=\"1024\" height=\"683\" data-src=\"https:\/\/www.meininger-hotels.com\/blog\/app\/uploads\/2025\/04\/boris-baldinger-IGGj1siFqDc-unsplash-1024x683.jpg\" alt=\"Giorni festivi in Svizzera: laghi alpini e montagne nella regione Ticino\n\" class=\"wp-image-40121 lazyload\" data-srcset=\"https:\/\/www.meininger-hotels.com\/blog\/app\/uploads\/2025\/04\/boris-baldinger-IGGj1siFqDc-unsplash-1024x683.jpg 1024w, https:\/\/www.meininger-hotels.com\/blog\/app\/uploads\/2025\/04\/boris-baldinger-IGGj1siFqDc-unsplash-300x200.jpg 300w, https:\/\/www.meininger-hotels.com\/blog\/app\/uploads\/2025\/04\/boris-baldinger-IGGj1siFqDc-unsplash-768x512.jpg 768w, https:\/\/www.meininger-hotels.com\/blog\/app\/uploads\/2025\/04\/boris-baldinger-IGGj1siFqDc-unsplash-1536x1024.jpg 1536w, https:\/\/www.meininger-hotels.com\/blog\/app\/uploads\/2025\/04\/boris-baldinger-IGGj1siFqDc-unsplash-2048x1365.jpg 2048w, https:\/\/www.meininger-hotels.com\/blog\/app\/uploads\/2025\/04\/boris-baldinger-IGGj1siFqDc-unsplash-scaled.jpg 1920w, https:\/\/www.meininger-hotels.com\/blog\/app\/uploads\/2025\/04\/boris-baldinger-IGGj1siFqDc-unsplash-1440x960.jpg 1440w, https:\/\/www.meininger-hotels.com\/blog\/app\/uploads\/2025\/04\/boris-baldinger-IGGj1siFqDc-unsplash-1200x800.jpg 1200w, https:\/\/www.meininger-hotels.com\/blog\/app\/uploads\/2025\/04\/boris-baldinger-IGGj1siFqDc-unsplash-600x400.jpg 600w\" data-sizes=\"(max-width: 1024px) 100vw, 1024px\" src=\"data:image\/svg+xml;base64,PHN2ZyB3aWR0aD0iMSIgaGVpZ2h0PSIxIiB4bWxucz0iaHR0cDovL3d3dy53My5vcmcvMjAwMC9zdmciPjwvc3ZnPg==\" style=\"--smush-placeholder-width: 1024px; --smush-placeholder-aspect-ratio: 1024\/683;\" \/><figcaption class=\"wp-element-caption\">Festeggia i giorni festivi ticinesi con una passeggiata rilassante tra i laghi alpini e le valli<\/figcaption><\/figure>\n\n\n\n<h3 class=\"wp-block-heading\"><strong>\ud83c\udde8\ud83c\udded Uri (UR)<\/strong>&nbsp;<\/h3>\n\n\n\n<ul>\n<li><strong>Epifania:<\/strong> marted\u00ec 6 gennaio<\/li>\n\n\n\n<li><strong>Venerd\u00ec Santo:<\/strong> venerd\u00ec 3 aprile<\/li>\n\n\n\n<li><strong>Luned\u00ec di Pasqua:<\/strong> luned\u00ec 6 aprile<\/li>\n\n\n\n<li><strong>Luned\u00ec di Pentecoste:<\/strong> luned\u00ec 25 maggio<\/li>\n\n\n\n<li><strong>Corpus Domini:<\/strong> gioved\u00ec 4 giugno<\/li>\n\n\n\n<li><strong>Ferragosto (Assunzione):<\/strong> sabato 15 agosto<\/li>\n\n\n\n<li><strong>Ognissanti:<\/strong> domenica 1\u00b0 novembre<\/li>\n\n\n\n<li><strong>Immacolata Concezione:<\/strong> marted\u00ec 8 dicembre<\/li>\n\n\n\n<li><strong>Santo Stefano:<\/strong> sabato 26 dicembre<\/li>\n<\/ul>\n\n\n\n<h3 class=\"wp-block-heading\"><strong>\ud83d\udccd Vallese (VS)<\/strong>&nbsp;<\/h3>\n\n\n\n<ul>\n<li><strong>San Giuseppe:<\/strong> gioved\u00ec 19 marzo<\/li>\n\n\n\n<li><strong>Corpus Domini:<\/strong> gioved\u00ec 4 giugno<\/li>\n\n\n\n<li><strong>Ferragosto (Assunzione):<\/strong> sabato 15 agosto<\/li>\n\n\n\n<li><strong>Ognissanti:<\/strong> domenica 1\u00b0 novembre<\/li>\n\n\n\n<li><strong>Immacolata Concezione:<\/strong> marted\u00ec 8 dicembre<\/li>\n<\/ul>\n\n\n\n<h3 class=\"wp-block-heading\"><strong>\ud83c\udde8\ud83c\udded Vaud (VD)<\/strong>&nbsp;<\/h3>\n\n\n\n<ul>\n<li><strong>Giorno di Berchtold:<\/strong> venerd\u00ec 2 gennaio<\/li>\n\n\n\n<li><strong>Venerd\u00ec Santo:<\/strong> venerd\u00ec 3 aprile<\/li>\n\n\n\n<li><strong>Luned\u00ec di Pasqua:<\/strong> luned\u00ec 6 aprile<\/li>\n\n\n\n<li><strong>Luned\u00ec di Pentecoste:<\/strong> luned\u00ec 25 maggio<\/li>\n\n\n\n<li><strong>Luned\u00ec del Digiuno federale:<\/strong> luned\u00ec 21 settembre<\/li>\n<\/ul>\n\n\n\n<h3 class=\"wp-block-heading\"><strong>\ud83d\udccd Zugo (ZG)<\/strong>&nbsp;<\/h3>\n\n\n\n<ul>\n<li><strong>Giorno di Berchtold:<\/strong> venerd\u00ec 2 gennaio<\/li>\n\n\n\n<li><strong>Venerd\u00ec Santo:<\/strong> venerd\u00ec 3 aprile<\/li>\n\n\n\n<li><strong>Luned\u00ec di Pasqua:<\/strong> luned\u00ec 6 aprile<\/li>\n\n\n\n<li><strong>Luned\u00ec di Pentecoste:<\/strong> luned\u00ec 25 maggio<\/li>\n\n\n\n<li><strong>Corpus Domini:<\/strong> gioved\u00ec 4 giugno<\/li>\n\n\n\n<li><strong>Ferragosto (Assunzione):<\/strong> sabato 15 agosto<\/li>\n\n\n\n<li><strong>Ognissanti:<\/strong> domenica 1\u00b0 novembre<\/li>\n\n\n\n<li><strong>Immacolata Concezione:<\/strong> marted\u00ec 8 dicembre<\/li>\n\n\n\n<li><strong>Santo Stefano:<\/strong> sabato 26 dicembre<\/li>\n<\/ul>\n\n\n\n<h3 class=\"wp-block-heading\"><strong>\ud83c\udde8\ud83c\udded Zurigo (ZH)<\/strong>&nbsp;<\/h3>\n\n\n\n<p>Stai ancora cercando un hotel a Zurigo? Il <strong><a href=\"https:\/\/www.meininger-hotels.com\/en\/hotels\/zurich\/hotel-zurich-greencity\/\" target=\"_blank\" rel=\"noreferrer noopener\">MEININGER Hotel Z\u00fcrich Greencity<\/a><\/strong> ti accoglie 24 ore su 24, 7 giorni su 7.<\/p>\n\n\n\n<ul>\n<li><strong>Giorno di Berchtold:<\/strong> venerd\u00ec 2 gennaio<\/li>\n\n\n\n<li><strong>Venerd\u00ec Santo:<\/strong> venerd\u00ec 3 aprile<\/li>\n\n\n\n<li><strong>Luned\u00ec di Pasqua:<\/strong> luned\u00ec 6 aprile<\/li>\n\n\n\n<li><strong>Festa del Lavoro:<\/strong> venerd\u00ec 1\u00b0 maggio<\/li>\n\n\n\n<li><strong>Luned\u00ec di Pentecoste:<\/strong> luned\u00ec 25 maggio<\/li>\n\n\n\n<li><strong>Santo Stefano:<\/strong> sabato 26 dicembre<\/li>\n<\/ul>\n\n\n\n<h3 class=\"wp-block-heading\"><strong>In sintesi&#8230; \u270d\ufe0f<\/strong>&nbsp;<\/h3>\n\n\n\n<p>Che tu stia pianificando una fuga invernale, un&#8217;escursione primaverile sulle Alpi o un <strong><a href=\"https:\/\/www.myswitzerland.com\/en-in\/experiences\/winter\/christmas\/\" target=\"_blank\" rel=\"noreferrer noopener nofollow\">Natale in Svizzera<\/a><\/strong>, conoscere i giorni festivi ti aiuter\u00e0 a sfruttare al meglio il tuo viaggio.&nbsp;&nbsp;<\/p>\n\n\n\n<p><strong><em>Consiglio MEININGER<\/em>:<\/strong> poich\u00e9 i giorni festivi in Svizzera variano per cantone, \u00e8 sempre una buona idea verificare i calendari locali prima di prenotare per evitare sorprese.&nbsp;&nbsp;<\/p>\n\n\n\n<p>Pianifichi una gita transfrontaliera? Scopri i <a href=\"https:\/\/www.meininger-hotels.com\/blog\/en\/bank-holidays-in-austria\/\" target=\"_blank\" rel=\"noreferrer noopener\"><strong>giorni festivi in Austria<\/strong><\/a> per vedere come si allineano con quelli svizzeri e sfruttare al meglio i tuoi giorni liberi!\u00a0<\/p>\n\n\n\n<figure class=\"wp-block-pullquote\"><blockquote><p>\ud83d\udece\ufe0f&nbsp;<strong>Dove soggiornare in Svizzera?<\/strong><\/p><cite>Prenota il tuo soggiorno al <strong><a href=\"https:\/\/www.meininger-hotels.com\/en\/hotels\/zurich\/hotel-zurich-greencity\/\" target=\"_blank\" rel=\"noreferrer noopener\">MEININGER Hotel Z\u00fcrich Greencity<\/a><\/strong> o al <strong><a href=\"https:\/\/www.meininger-hotels.com\/en\/hotels\/geneva\/hotel-geneva-center-charmilles\/\" target=\"_blank\" rel=\"noreferrer noopener\">MEININGER Gen\u00e8ve Centre Charmilles<\/a><\/strong> \u2014 comodi, centrali e perfetti per esplorare il meglio della Svizzera anche durante i giorni festivi! Che tu voglia inseguire le vette innevate, pianificare una city break primaverile o vivere la vita svizzera tutto l&#8217;anno, questa guida ai giorni festivi \u00e8 il tuo punto di riferimento. Salvala e ringraziacela dopo.<br><br>\ud83c\udde8\ud83c\udded\ud83d\udcc5 \ud83c\udf8a&nbsp;&nbsp;<br><br><em><strong><a href=\"https:\/\/www.meininger-hotels.com\/en\/hotels\/zurich\/hotel-zurich-greencity\/\" target=\"_blank\" rel=\"noreferrer noopener\">MEININGER Hotel Z\u00fcrich Greencity<\/a><\/strong>: Maneggstrasse 41, 8041 Zurigo, Svizzera<\/em><br><strong><a href=\"https:\/\/www.meininger-hotels.com\/en\/hotels\/geneva\/hotel-geneva-center-charmilles\/\" target=\"_blank\" rel=\"noreferrer noopener\">MEININGER Gen\u00e8ve Centre Charmilles<\/a><\/strong>: 118 rue de Lyon, 1203 Ginevra, Svizzera<br><br><strong><a href=\"https:\/\/book.meininger-hotels.com\/reservations\" target=\"_blank\" rel=\"noreferrer noopener\">VERIFICA DISPONIBILIT\u00c0<\/a><\/strong><\/cite><\/blockquote><\/figure>\n\n\n\n<figure class=\"wp-block-gallery has-nested-images columns-default is-cropped wp-block-gallery-1 is-layout-flex wp-block-gallery-is-layout-flex\">\n<figure class=\"wp-block-image size-large\"><img decoding=\"async\" width=\"1024\" height=\"683\" data-id=\"40129\" data-src=\"https:\/\/www.meininger-hotels.com\/blog\/app\/uploads\/2025\/04\/51222287891_0f5b254199_o-1024x683.jpg\" alt=\"MEININGER Hotel Z\u00fcrich Greencity: camera doppia con decorazione murale\" class=\"wp-image-40129 lazyload\" data-srcset=\"https:\/\/www.meininger-hotels.com\/blog\/app\/uploads\/2025\/04\/51222287891_0f5b254199_o-1024x683.jpg 1024w, https:\/\/www.meininger-hotels.com\/blog\/app\/uploads\/2025\/04\/51222287891_0f5b254199_o-300x200.jpg 300w, https:\/\/www.meininger-hotels.com\/blog\/app\/uploads\/2025\/04\/51222287891_0f5b254199_o-768x512.jpg 768w, https:\/\/www.meininger-hotels.com\/blog\/app\/uploads\/2025\/04\/51222287891_0f5b254199_o-1536x1024.jpg 1536w, https:\/\/www.meininger-hotels.com\/blog\/app\/uploads\/2025\/04\/51222287891_0f5b254199_o-2048x1365.jpg 2048w, https:\/\/www.meininger-hotels.com\/blog\/app\/uploads\/2025\/04\/51222287891_0f5b254199_o-scaled.jpg 1920w, https:\/\/www.meininger-hotels.com\/blog\/app\/uploads\/2025\/04\/51222287891_0f5b254199_o-1440x960.jpg 1440w, https:\/\/www.meininger-hotels.com\/blog\/app\/uploads\/2025\/04\/51222287891_0f5b254199_o-1200x800.jpg 1200w, https:\/\/www.meininger-hotels.com\/blog\/app\/uploads\/2025\/04\/51222287891_0f5b254199_o-600x400.jpg 600w\" data-sizes=\"(max-width: 1024px) 100vw, 1024px\" src=\"data:image\/svg+xml;base64,PHN2ZyB3aWR0aD0iMSIgaGVpZ2h0PSIxIiB4bWxucz0iaHR0cDovL3d3dy53My5vcmcvMjAwMC9zdmciPjwvc3ZnPg==\" style=\"--smush-placeholder-width: 1024px; --smush-placeholder-aspect-ratio: 1024\/683;\" \/><figcaption class=\"wp-element-caption\">Camera privata<\/figcaption><\/figure>\n\n\n\n<figure class=\"wp-block-image size-large\"><img decoding=\"async\" width=\"1024\" height=\"683\" data-id=\"40127\" data-src=\"https:\/\/www.meininger-hotels.com\/blog\/app\/uploads\/2025\/04\/51221583597_e44b000fbd_o-1024x683.jpg\" alt=\"MEININGER Hotel Z\u00fcrich Greencity: letti singoli e a castello, mobili in legno\" class=\"wp-image-40127 lazyload\" data-srcset=\"https:\/\/www.meininger-hotels.com\/blog\/app\/uploads\/2025\/04\/51221583597_e44b000fbd_o-1024x683.jpg 1024w, https:\/\/www.meininger-hotels.com\/blog\/app\/uploads\/2025\/04\/51221583597_e44b000fbd_o-300x200.jpg 300w, https:\/\/www.meininger-hotels.com\/blog\/app\/uploads\/2025\/04\/51221583597_e44b000fbd_o-768x512.jpg 768w, https:\/\/www.meininger-hotels.com\/blog\/app\/uploads\/2025\/04\/51221583597_e44b000fbd_o-1536x1024.jpg 1536w, https:\/\/www.meininger-hotels.com\/blog\/app\/uploads\/2025\/04\/51221583597_e44b000fbd_o-2048x1365.jpg 2048w, https:\/\/www.meininger-hotels.com\/blog\/app\/uploads\/2025\/04\/51221583597_e44b000fbd_o-scaled.jpg 1920w, https:\/\/www.meininger-hotels.com\/blog\/app\/uploads\/2025\/04\/51221583597_e44b000fbd_o-1440x960.jpg 1440w, https:\/\/www.meininger-hotels.com\/blog\/app\/uploads\/2025\/04\/51221583597_e44b000fbd_o-1200x800.jpg 1200w, https:\/\/www.meininger-hotels.com\/blog\/app\/uploads\/2025\/04\/51221583597_e44b000fbd_o-600x400.jpg 600w\" data-sizes=\"(max-width: 1024px) 100vw, 1024px\" src=\"data:image\/svg+xml;base64,PHN2ZyB3aWR0aD0iMSIgaGVpZ2h0PSIxIiB4bWxucz0iaHR0cDovL3d3dy53My5vcmcvMjAwMC9zdmciPjwvc3ZnPg==\" style=\"--smush-placeholder-width: 1024px; --smush-placeholder-aspect-ratio: 1024\/683;\" \/><figcaption class=\"wp-element-caption\">Camera condivisa<\/figcaption><\/figure>\n\n\n\n<figure class=\"wp-block-image size-large\"><img decoding=\"async\" width=\"1024\" height=\"683\" data-id=\"40133\" data-src=\"https:\/\/www.meininger-hotels.com\/blog\/app\/uploads\/2025\/04\/51222286606_bf4816f676_o-1024x683.jpg\" alt=\"MEININGER Hotel Z\u00fcrich Greencity: lounge con tavoli, sedie e dettagli in legno\" class=\"wp-image-40133 lazyload\" data-srcset=\"https:\/\/www.meininger-hotels.com\/blog\/app\/uploads\/2025\/04\/51222286606_bf4816f676_o-1024x683.jpg 1024w, https:\/\/www.meininger-hotels.com\/blog\/app\/uploads\/2025\/04\/51222286606_bf4816f676_o-300x200.jpg 300w, https:\/\/www.meininger-hotels.com\/blog\/app\/uploads\/2025\/04\/51222286606_bf4816f676_o-768x512.jpg 768w, https:\/\/www.meininger-hotels.com\/blog\/app\/uploads\/2025\/04\/51222286606_bf4816f676_o-1536x1024.jpg 1536w, https:\/\/www.meininger-hotels.com\/blog\/app\/uploads\/2025\/04\/51222286606_bf4816f676_o-2048x1365.jpg 2048w, https:\/\/www.meininger-hotels.com\/blog\/app\/uploads\/2025\/04\/51222286606_bf4816f676_o-scaled.jpg 1920w, https:\/\/www.meininger-hotels.com\/blog\/app\/uploads\/2025\/04\/51222286606_bf4816f676_o-1440x960.jpg 1440w, https:\/\/www.meininger-hotels.com\/blog\/app\/uploads\/2025\/04\/51222286606_bf4816f676_o-1200x800.jpg 1200w, https:\/\/www.meininger-hotels.com\/blog\/app\/uploads\/2025\/04\/51222286606_bf4816f676_o-600x400.jpg 600w\" data-sizes=\"(max-width: 1024px) 100vw, 1024px\" src=\"data:image\/svg+xml;base64,PHN2ZyB3aWR0aD0iMSIgaGVpZ2h0PSIxIiB4bWxucz0iaHR0cDovL3d3dy53My5vcmcvMjAwMC9zdmciPjwvc3ZnPg==\" style=\"--smush-placeholder-width: 1024px; --smush-placeholder-aspect-ratio: 1024\/683;\" \/><figcaption class=\"wp-element-caption\">Lounge<\/figcaption><\/figure>\n<\/figure>\n\n\n\n<div style=\"height:100px\" aria-hidden=\"true\" class=\"wp-block-spacer\"><\/div>\n\n\n\n\t\t<div class=\"wp-faq-schema-wrap wp-faq-schema-accordion\">\n\t\t\t\t\t\t\t<h2>Giorni festivi in Svizzera 2026: FAQ<\/h2>\n\t\t\t\t\t\t<ul class=\"wp-faq-schema-items\">\n\t\t\t\t\t\t\t\t<li role=\"none\" style=\"margin:0px;\">\n\t\t\t\t\t<h3>Quanti giorni festivi nazionali ci sono in Svizzera nel 2026?<\/h3>\n\t\t\t\t\t<div>\n\t\t\t\t\t\t<p>In Svizzera ci sono quattro giorni festivi nazionali osservati in tutti i 26 cantoni nel 2026: Capodanno (1\u00b0 gennaio), Ascensione (14 maggio), Festa nazionale svizzera (1\u00b0 agosto) e Natale (25 dicembre).<\/p>\n\t\t\t\t\t<\/div>\n\t\t\t\t<\/li>\n\t\t\t\t\t\t\t\t<li role=\"none\" style=\"margin:0px;\">\n\t\t\t\t\t<h3>I negozi e i servizi sono chiusi durante i giorni festivi in Svizzera?<\/h3>\n\t\t\t\t\t<div>\n\t\t\t\t\t\t<p>La maggior parte dei negozi, supermercati e servizi pubblici sono chiusi nei giorni festivi in Svizzera, soprattutto durante le festivit\u00e0 nazionali e le grandi celebrazioni regionali come Natale e Pasqua.<\/p>\n\t\t\t\t\t<\/div>\n\t\t\t\t<\/li>\n\t\t\t\t\t\t\t\t<li role=\"none\" style=\"margin:0px;\">\n\t\t\t\t\t<h3>Il Natale \u00e8 un giorno festivo in tutta la Svizzera?<\/h3>\n\t\t\t\t\t<div>\n\t\t\t\t\t\t<p>S\u00ec, il Natale in Svizzera \u2014 celebrato il 25 dicembre \u2014 \u00e8 un giorno festivo in tutti i cantoni. Molti cantoni osservano anche Santo Stefano (26 dicembre) come giorno di riposo aggiuntivo.<\/p>\n\t\t\t\t\t<\/div>\n\t\t\t\t<\/li>\n\t\t\t\t\t\t\t\t<li role=\"none\" style=\"margin:0px;\">\n\t\t\t\t\t<h3>Ci sono festivit\u00e0 particolari proprie di determinati cantoni?<\/h3>\n\t\t\t\t\t<div>\n\t\t\t\t\t\t<p>Assolutamente! Cantoni come Ginevra hanno il Digiuno Ginevrino (10 settembre), mentre Glarona celebra la N\u00e4felser Fahrt (9 aprile). Questi giorni festivi in Svizzera non sono osservati a livello nazionale.<\/p>\n\t\t\t\t\t<\/div>\n\t\t\t\t<\/li>\n\t\t\t\t\t\t\t\t<li role=\"none\" style=\"margin:0px;\">\n\t\t\t\t\t<h3>Quali cantoni hanno il maggior numero di giorni festivi in Svizzera?<\/h3>\n\t\t\t\t\t<div>\n\t\t\t\t\t\t<p>Cantoni come il Vallese, il Giura e Lucerna osservano generalmente pi\u00f9 festivit\u00e0 svizzere, tra cui le feste cattoliche e quelle nazionali.<\/p>\n\t\t\t\t\t<\/div>\n\t\t\t\t<\/li>\n\t\t\t\t\t\t\t\t<li role=\"none\" style=\"margin:0px;\">\n\t\t\t\t\t<h3>Quando cade la Festa nazionale svizzera nel 2026 ed \u00e8 un giorno di riposo?<\/h3>\n\t\t\t\t\t<div>\n\t\t\t\t\t\t<p>La Festa nazionale svizzera cade sabato 1\u00b0 agosto 2026. \u00c8 un giorno festivo osservato da tutti i cantoni, e la maggior parte delle attivit\u00e0 commerciali e degli uffici pubblici sar\u00e0 chiusa.<\/p>\n\t\t\t\t\t<\/div>\n\t\t\t\t<\/li>\n\t\t\t\t\t\t\t\t<li role=\"none\" style=\"margin:0px;\">\n\t\t\t\t\t<h3>I giorni festivi sono un buon momento per viaggiare in Svizzera?<\/h3>\n\t\t\t\t\t<div>\n\t\t\t\t\t\t<p>S\u00ec e no! Le festivit\u00e0 in Svizzera possono offrire esperienze culturali uniche, ma alcuni siti o negozi potrebbero essere chiusi. Meglio pianificare in anticipo, soprattutto intorno alle grandi feste come Pasqua o Natale.<\/p>\n\t\t\t\t\t<\/div>\n\t\t\t\t<\/li>\n\t\t\t\t\t\t\t\t<li role=\"none\" style=\"margin:0px;\">\n\t\t\t\t\t<h3>Tutti i cantoni osservano il 1\u00b0 maggio come giorno festivo?<\/h3>\n\t\t\t\t\t<div>\n\t\t\t\t\t\t<p>No, la Festa del Lavoro (1\u00b0 maggio) non \u00e8 un giorno festivo universale in Svizzera. \u00c8 osservata in alcuni cantoni come Zurigo, Basilea e Neuch\u00e2tel, ma non in altri come Lucerna o Uri.<\/p>\n\t\t\t\t\t<\/div>\n\t\t\t\t<\/li>\n\t\t\t\t\t\t\t\t<li role=\"none\" style=\"margin:0px;\">\n\t\t\t\t\t<h3>Dove alloggiare durante i giorni festivi in Svizzera?<\/h3>\n\t\t\t\t\t<div>\n\t\t\t\t\t\t<p>Se viaggi durante un lungo weekend, considera di prenotare un soggiorno da MEININGER Hotels \u2014 offriamo alloggi centrali, puliti e convenienti nelle principali citt\u00e0 svizzere come Zurigo e Ginevra, per vivere le tue festivit\u00e0 in Svizzera senza stress.<\/p>\n\t\t\t\t\t<\/div>\n\t\t\t\t<\/li>\n\t\t\t\t\t\t\t<\/ul>\n\t\t<\/div>\n\t\t\n","protected":false},"excerpt":{"rendered":"<p>Scopri i giorni festivi in Svizzera 2026, cantone per cantone. Pianifica il tuo viaggio con questa guida completa alle festivit\u00e0 nazionali e regionali.<\/p>\n","protected":false},"author":99,"featured_media":40141,"comment_status":"closed","ping_status":"closed","sticky":false,"template":"","format":"standard","meta":{"_acf_changed":false,"loftocean_post_format_gallery":"","loftocean_post_format_gallery_ids":"","loftocean_post_format_gallery_urls":"","loftocean_post_format_video_id":0,"loftocean_post_format_video_url":"","loftocean_post_format_video_type":"","loftocean_post_format_video":"","loftocean_post_format_audio_type":"","loftocean_post_format_audio_url":"","loftocean_post_format_audio_id":0,"loftocean_post_format_audio":"","loftocean-featured-post":"","loftocean-like-count":0,"loftocean-view-count":10,"loftocean-enable-content-navigation":"","loftocean-content-navigation-position":"","loftocean-content-navigation-heading":"","loftocean-content-navigation-label":"","loftocean-content-navigation-icon":"","loftocean-map-location":"","loftocean-map-latlng":"","loftocean-map-auto-latlng":"","eaven_single_post_hide_thumbnail":"","eaven_single_post_template":"","eaven_single_post_sidebar":"","eaven_hide_before_page_content_ad":"","eaven_hide_after_page_content_ad":"","eaven_advanced_classname":"","footnotes":""},"categories":[1579,1164,253,1160,1162],"tags":[],"acf":[],"yoast_head":"<!-- This site is optimized with the Yoast SEO plugin v23.0 - https:\/\/yoast.com\/wordpress\/plugins\/seo\/ -->\n<title>Giorni festivi in Svizzera 2026 | MEININGER Hotels<\/title>\n<meta name=\"description\" content=\"Scopri i giorni festivi in Svizzera 2026, cantone per cantone. Pianifica il tuo viaggio con questa guida completa alle festivit\u00e0 nazionali e regionali.\" \/>\n<meta name=\"robots\" content=\"index, follow, max-snippet:-1, max-image-preview:large, max-video-preview:-1\" \/>\n<link rel=\"canonical\" href=\"https:\/\/www.meininger-hotels.com\/blog\/it\/giorni-festivi-svizzera\/\" \/>\n<meta property=\"og:locale\" content=\"it_IT\" \/>\n<meta property=\"og:type\" content=\"article\" \/>\n<meta property=\"og:title\" content=\"Giorni festivi in Svizzera 2026 | MEININGER Hotels\" \/>\n<meta property=\"og:description\" content=\"Scopri i giorni festivi in Svizzera 2026, cantone per cantone. Pianifica il tuo viaggio con questa guida completa alle festivit\u00e0 nazionali e regionali.\" \/>\n<meta property=\"og:url\" content=\"https:\/\/www.meininger-hotels.com\/blog\/it\/giorni-festivi-svizzera\/\" \/>\n<meta property=\"og:site_name\" content=\"MEININGER Hotels\" \/>\n<meta property=\"article:published_time\" content=\"2026-04-28T14:47:24+00:00\" \/>\n<meta property=\"article:modified_time\" content=\"2026-04-28T14:47:43+00:00\" \/>\n<meta property=\"og:image\" content=\"https:\/\/www.meininger-hotels.com\/blog\/app\/uploads\/2025\/04\/ahmed-ZYL4TAdZFC4-unsplash-scaled.jpg\" \/>\n\t<meta property=\"og:image:width\" content=\"1920\" \/>\n\t<meta property=\"og:image:height\" content=\"1280\" \/>\n\t<meta property=\"og:image:type\" content=\"image\/jpeg\" \/>\n<meta name=\"author\" content=\"MEININGER\" \/>\n<meta name=\"twitter:card\" content=\"summary_large_image\" \/>\n<meta name=\"twitter:label1\" content=\"Written by\" \/>\n\t<meta name=\"twitter:data1\" content=\"MEININGER\" \/>\n\t<meta name=\"twitter:label2\" content=\"Est. reading time\" \/>\n\t<meta name=\"twitter:data2\" content=\"8 minuti\" \/>\n<script type=\"application\/ld+json\" class=\"yoast-schema-graph\">{\"@context\":\"https:\/\/schema.org\",\"@graph\":[{\"@type\":\"Article\",\"@id\":\"https:\/\/www.meininger-hotels.com\/blog\/it\/giorni-festivi-svizzera\/#article\",\"isPartOf\":{\"@id\":\"https:\/\/www.meininger-hotels.com\/blog\/it\/giorni-festivi-svizzera\/\"},\"author\":{\"name\":\"MEININGER\",\"@id\":\"https:\/\/www.meininger-hotels.com\/blog\/it\/#\/schema\/person\/882b525349c77fb74a786818b5aaa5fb\"},\"headline\":\"Giorni festivi in Svizzera 2026: guida completa per cantone \ud83c\udde8\ud83c\udded\",\"datePublished\":\"2026-04-28T14:47:24+00:00\",\"dateModified\":\"2026-04-28T14:47:43+00:00\",\"mainEntityOfPage\":{\"@id\":\"https:\/\/www.meininger-hotels.com\/blog\/it\/giorni-festivi-svizzera\/\"},\"wordCount\":1468,\"publisher\":{\"@id\":\"https:\/\/www.meininger-hotels.com\/blog\/it\/#organization\"},\"image\":{\"@id\":\"https:\/\/www.meininger-hotels.com\/blog\/it\/giorni-festivi-svizzera\/#primaryimage\"},\"thumbnailUrl\":\"https:\/\/www.meininger-hotels.com\/blog\/app\/uploads\/2025\/04\/ahmed-ZYL4TAdZFC4-unsplash-scaled.jpg\",\"articleSection\":[\"Feiertage\",\"Genf\",\"MEININGER\",\"Schweiz\",\"Z\u00fcrich\"],\"inLanguage\":\"it-IT\"},{\"@type\":\"WebPage\",\"@id\":\"https:\/\/www.meininger-hotels.com\/blog\/it\/giorni-festivi-svizzera\/\",\"url\":\"https:\/\/www.meininger-hotels.com\/blog\/it\/giorni-festivi-svizzera\/\",\"name\":\"Giorni festivi in Svizzera 2026 | MEININGER Hotels\",\"isPartOf\":{\"@id\":\"https:\/\/www.meininger-hotels.com\/blog\/it\/#website\"},\"primaryImageOfPage\":{\"@id\":\"https:\/\/www.meininger-hotels.com\/blog\/it\/giorni-festivi-svizzera\/#primaryimage\"},\"image\":{\"@id\":\"https:\/\/www.meininger-hotels.com\/blog\/it\/giorni-festivi-svizzera\/#primaryimage\"},\"thumbnailUrl\":\"https:\/\/www.meininger-hotels.com\/blog\/app\/uploads\/2025\/04\/ahmed-ZYL4TAdZFC4-unsplash-scaled.jpg\",\"datePublished\":\"2026-04-28T14:47:24+00:00\",\"dateModified\":\"2026-04-28T14:47:43+00:00\",\"description\":\"Scopri i giorni festivi in Svizzera 2026, cantone per cantone. Pianifica il tuo viaggio con questa guida completa alle festivit\u00e0 nazionali e regionali.\",\"breadcrumb\":{\"@id\":\"https:\/\/www.meininger-hotels.com\/blog\/it\/giorni-festivi-svizzera\/#breadcrumb\"},\"inLanguage\":\"it-IT\",\"potentialAction\":[{\"@type\":\"ReadAction\",\"target\":[\"https:\/\/www.meininger-hotels.com\/blog\/it\/giorni-festivi-svizzera\/\"]}]},{\"@type\":\"ImageObject\",\"inLanguage\":\"it-IT\",\"@id\":\"https:\/\/www.meininger-hotels.com\/blog\/it\/giorni-festivi-svizzera\/#primaryimage\",\"url\":\"https:\/\/www.meininger-hotels.com\/blog\/app\/uploads\/2025\/04\/ahmed-ZYL4TAdZFC4-unsplash-scaled.jpg\",\"contentUrl\":\"https:\/\/www.meininger-hotels.com\/blog\/app\/uploads\/2025\/04\/ahmed-ZYL4TAdZFC4-unsplash-scaled.jpg\",\"width\":1920,\"height\":1280,\"caption\":\"Person writing a 2024 to-do list in a notebook with planner and laptop on desk\"},{\"@type\":\"BreadcrumbList\",\"@id\":\"https:\/\/www.meininger-hotels.com\/blog\/it\/giorni-festivi-svizzera\/#breadcrumb\",\"itemListElement\":[{\"@type\":\"ListItem\",\"position\":1,\"name\":\"Home\",\"item\":\"https:\/\/www.meininger-hotels.com\/blog\/it\/\"},{\"@type\":\"ListItem\",\"position\":2,\"name\":\"Giorni festivi in Svizzera 2026: guida completa per cantone \ud83c\udde8\ud83c\udded\"}]},{\"@type\":\"WebSite\",\"@id\":\"https:\/\/www.meininger-hotels.com\/blog\/it\/#website\",\"url\":\"https:\/\/www.meininger-hotels.com\/blog\/it\/\",\"name\":\"MEININGER Hotels\",\"description\":\"Explore the top European cities we live in\",\"publisher\":{\"@id\":\"https:\/\/www.meininger-hotels.com\/blog\/it\/#organization\"},\"potentialAction\":[{\"@type\":\"SearchAction\",\"target\":{\"@type\":\"EntryPoint\",\"urlTemplate\":\"https:\/\/www.meininger-hotels.com\/blog\/it\/?s={search_term_string}\"},\"query-input\":\"required name=search_term_string\"}],\"inLanguage\":\"it-IT\"},{\"@type\":\"Organization\",\"@id\":\"https:\/\/www.meininger-hotels.com\/blog\/it\/#organization\",\"name\":\"MEININGER Hotels\",\"url\":\"https:\/\/www.meininger-hotels.com\/blog\/it\/\",\"logo\":{\"@type\":\"ImageObject\",\"inLanguage\":\"it-IT\",\"@id\":\"https:\/\/www.meininger-hotels.com\/blog\/it\/#\/schema\/logo\/image\/\",\"url\":\"https:\/\/www.meininger-hotels.com\/blog\/app\/uploads\/2020\/12\/meininger-logo.png\",\"contentUrl\":\"https:\/\/www.meininger-hotels.com\/blog\/app\/uploads\/2020\/12\/meininger-logo.png\",\"width\":250,\"height\":250,\"caption\":\"MEININGER Hotels\"},\"image\":{\"@id\":\"https:\/\/www.meininger-hotels.com\/blog\/it\/#\/schema\/logo\/image\/\"}},{\"@type\":\"Person\",\"@id\":\"https:\/\/www.meininger-hotels.com\/blog\/it\/#\/schema\/person\/882b525349c77fb74a786818b5aaa5fb\",\"name\":\"MEININGER\",\"image\":{\"@type\":\"ImageObject\",\"inLanguage\":\"it-IT\",\"@id\":\"https:\/\/www.meininger-hotels.com\/blog\/it\/#\/schema\/person\/image\/\",\"url\":\"https:\/\/secure.gravatar.com\/avatar\/44c94f86f425c7a68ffd38e5e1eb1edf?s=96&d=mm&r=g\",\"contentUrl\":\"https:\/\/secure.gravatar.com\/avatar\/44c94f86f425c7a68ffd38e5e1eb1edf?s=96&d=mm&r=g\",\"caption\":\"MEININGER\"},\"url\":\"https:\/\/www.meininger-hotels.com\/blog\/it\/author\/meininger-ai-editor\/\"}]}<\/script>\n<!-- \/ Yoast SEO plugin. -->","yoast_head_json":{"title":"Giorni festivi in Svizzera 2026 | MEININGER Hotels","description":"Scopri i giorni festivi in Svizzera 2026, cantone per cantone. Pianifica il tuo viaggio con questa guida completa alle festivit\u00e0 nazionali e regionali.","robots":{"index":"index","follow":"follow","max-snippet":"max-snippet:-1","max-image-preview":"max-image-preview:large","max-video-preview":"max-video-preview:-1"},"canonical":"https:\/\/www.meininger-hotels.com\/blog\/it\/giorni-festivi-svizzera\/","og_locale":"it_IT","og_type":"article","og_title":"Giorni festivi in Svizzera 2026 | MEININGER Hotels","og_description":"Scopri i giorni festivi in Svizzera 2026, cantone per cantone. Pianifica il tuo viaggio con questa guida completa alle festivit\u00e0 nazionali e regionali.","og_url":"https:\/\/www.meininger-hotels.com\/blog\/it\/giorni-festivi-svizzera\/","og_site_name":"MEININGER Hotels","article_published_time":"2026-04-28T14:47:24+00:00","article_modified_time":"2026-04-28T14:47:43+00:00","og_image":[{"width":1920,"height":1280,"url":"https:\/\/www.meininger-hotels.com\/blog\/app\/uploads\/2025\/04\/ahmed-ZYL4TAdZFC4-unsplash-scaled.jpg","type":"image\/jpeg"}],"author":"MEININGER","twitter_card":"summary_large_image","twitter_misc":{"Written by":"MEININGER","Est. reading time":"8 minuti"},"schema":{"@context":"https:\/\/schema.org","@graph":[{"@type":"Article","@id":"https:\/\/www.meininger-hotels.com\/blog\/it\/giorni-festivi-svizzera\/#article","isPartOf":{"@id":"https:\/\/www.meininger-hotels.com\/blog\/it\/giorni-festivi-svizzera\/"},"author":{"name":"MEININGER","@id":"https:\/\/www.meininger-hotels.com\/blog\/it\/#\/schema\/person\/882b525349c77fb74a786818b5aaa5fb"},"headline":"Giorni festivi in Svizzera 2026: guida completa per cantone \ud83c\udde8\ud83c\udded","datePublished":"2026-04-28T14:47:24+00:00","dateModified":"2026-04-28T14:47:43+00:00","mainEntityOfPage":{"@id":"https:\/\/www.meininger-hotels.com\/blog\/it\/giorni-festivi-svizzera\/"},"wordCount":1468,"publisher":{"@id":"https:\/\/www.meininger-hotels.com\/blog\/it\/#organization"},"image":{"@id":"https:\/\/www.meininger-hotels.com\/blog\/it\/giorni-festivi-svizzera\/#primaryimage"},"thumbnailUrl":"https:\/\/www.meininger-hotels.com\/blog\/app\/uploads\/2025\/04\/ahmed-ZYL4TAdZFC4-unsplash-scaled.jpg","articleSection":["Feiertage","Genf","MEININGER","Schweiz","Z\u00fcrich"],"inLanguage":"it-IT"},{"@type":"WebPage","@id":"https:\/\/www.meininger-hotels.com\/blog\/it\/giorni-festivi-svizzera\/","url":"https:\/\/www.meininger-hotels.com\/blog\/it\/giorni-festivi-svizzera\/","name":"Giorni festivi in Svizzera 2026 | MEININGER Hotels","isPartOf":{"@id":"https:\/\/www.meininger-hotels.com\/blog\/it\/#website"},"primaryImageOfPage":{"@id":"https:\/\/www.meininger-hotels.com\/blog\/it\/giorni-festivi-svizzera\/#primaryimage"},"image":{"@id":"https:\/\/www.meininger-hotels.com\/blog\/it\/giorni-festivi-svizzera\/#primaryimage"},"thumbnailUrl":"https:\/\/www.meininger-hotels.com\/blog\/app\/uploads\/2025\/04\/ahmed-ZYL4TAdZFC4-unsplash-scaled.jpg","datePublished":"2026-04-28T14:47:24+00:00","dateModified":"2026-04-28T14:47:43+00:00","description":"Scopri i giorni festivi in Svizzera 2026, cantone per cantone. Pianifica il tuo viaggio con questa guida completa alle festivit\u00e0 nazionali e regionali.","breadcrumb":{"@id":"https:\/\/www.meininger-hotels.com\/blog\/it\/giorni-festivi-svizzera\/#breadcrumb"},"inLanguage":"it-IT","potentialAction":[{"@type":"ReadAction","target":["https:\/\/www.meininger-hotels.com\/blog\/it\/giorni-festivi-svizzera\/"]}]},{"@type":"ImageObject","inLanguage":"it-IT","@id":"https:\/\/www.meininger-hotels.com\/blog\/it\/giorni-festivi-svizzera\/#primaryimage","url":"https:\/\/www.meininger-hotels.com\/blog\/app\/uploads\/2025\/04\/ahmed-ZYL4TAdZFC4-unsplash-scaled.jpg","contentUrl":"https:\/\/www.meininger-hotels.com\/blog\/app\/uploads\/2025\/04\/ahmed-ZYL4TAdZFC4-unsplash-scaled.jpg","width":1920,"height":1280,"caption":"Person writing a 2024 to-do list in a notebook with planner and laptop on desk"},{"@type":"BreadcrumbList","@id":"https:\/\/www.meininger-hotels.com\/blog\/it\/giorni-festivi-svizzera\/#breadcrumb","itemListElement":[{"@type":"ListItem","position":1,"name":"Home","item":"https:\/\/www.meininger-hotels.com\/blog\/it\/"},{"@type":"ListItem","position":2,"name":"Giorni festivi in Svizzera 2026: guida completa per cantone \ud83c\udde8\ud83c\udded"}]},{"@type":"WebSite","@id":"https:\/\/www.meininger-hotels.com\/blog\/it\/#website","url":"https:\/\/www.meininger-hotels.com\/blog\/it\/","name":"MEININGER Hotels","description":"Explore the top European cities we live in","publisher":{"@id":"https:\/\/www.meininger-hotels.com\/blog\/it\/#organization"},"potentialAction":[{"@type":"SearchAction","target":{"@type":"EntryPoint","urlTemplate":"https:\/\/www.meininger-hotels.com\/blog\/it\/?s={search_term_string}"},"query-input":"required name=search_term_string"}],"inLanguage":"it-IT"},{"@type":"Organization","@id":"https:\/\/www.meininger-hotels.com\/blog\/it\/#organization","name":"MEININGER Hotels","url":"https:\/\/www.meininger-hotels.com\/blog\/it\/","logo":{"@type":"ImageObject","inLanguage":"it-IT","@id":"https:\/\/www.meininger-hotels.com\/blog\/it\/#\/schema\/logo\/image\/","url":"https:\/\/www.meininger-hotels.com\/blog\/app\/uploads\/2020\/12\/meininger-logo.png","contentUrl":"https:\/\/www.meininger-hotels.com\/blog\/app\/uploads\/2020\/12\/meininger-logo.png","width":250,"height":250,"caption":"MEININGER Hotels"},"image":{"@id":"https:\/\/www.meininger-hotels.com\/blog\/it\/#\/schema\/logo\/image\/"}},{"@type":"Person","@id":"https:\/\/www.meininger-hotels.com\/blog\/it\/#\/schema\/person\/882b525349c77fb74a786818b5aaa5fb","name":"MEININGER","image":{"@type":"ImageObject","inLanguage":"it-IT","@id":"https:\/\/www.meininger-hotels.com\/blog\/it\/#\/schema\/person\/image\/","url":"https:\/\/secure.gravatar.com\/avatar\/44c94f86f425c7a68ffd38e5e1eb1edf?s=96&d=mm&r=g","contentUrl":"https:\/\/secure.gravatar.com\/avatar\/44c94f86f425c7a68ffd38e5e1eb1edf?s=96&d=mm&r=g","caption":"MEININGER"},"url":"https:\/\/www.meininger-hotels.com\/blog\/it\/author\/meininger-ai-editor\/"}]}},"_links":{"self":[{"href":"https:\/\/www.meininger-hotels.com\/blog\/it\/wp-json\/wp\/v2\/posts\/51137"}],"collection":[{"href":"https:\/\/www.meininger-hotels.com\/blog\/it\/wp-json\/wp\/v2\/posts"}],"about":[{"href":"https:\/\/www.meininger-hotels.com\/blog\/it\/wp-json\/wp\/v2\/types\/post"}],"author":[{"embeddable":true,"href":"https:\/\/www.meininger-hotels.com\/blog\/it\/wp-json\/wp\/v2\/users\/99"}],"replies":[{"embeddable":true,"href":"https:\/\/www.meininger-hotels.com\/blog\/it\/wp-json\/wp\/v2\/comments?post=51137"}],"version-history":[{"count":4,"href":"https:\/\/www.meininger-hotels.com\/blog\/it\/wp-json\/wp\/v2\/posts\/51137\/revisions"}],"predecessor-version":[{"id":51146,"href":"https:\/\/www.meininger-hotels.com\/blog\/it\/wp-json\/wp\/v2\/posts\/51137\/revisions\/51146"}],"wp:featuredmedia":[{"embeddable":true,"href":"https:\/\/www.meininger-hotels.com\/blog\/it\/wp-json\/wp\/v2\/media\/40141"}],"wp:attachment":[{"href":"https:\/\/www.meininger-hotels.com\/blog\/it\/wp-json\/wp\/v2\/media?parent=51137"}],"wp:term":[{"taxonomy":"category","embeddable":true,"href":"https:\/\/www.meininger-hotels.com\/blog\/it\/wp-json\/wp\/v2\/categories?post=51137"},{"taxonomy":"post_tag","embeddable":true,"href":"https:\/\/www.meininger-hotels.com\/blog\/it\/wp-json\/wp\/v2\/tags?post=51137"}],"curies":[{"name":"wp","href":"https:\/\/api.w.org\/{rel}","templated":true}]}}